{"id":3871,"date":"2022-12-13T15:10:50","date_gmt":"2022-12-13T15:10:50","guid":{"rendered":"https:\/\/advocatesforchildren.org\/articles\/with-nyc-spending-close-to-1-billon-on-private-special-education-chancellor-banks-lays-out-a-vision-for-reform\/"},"modified":"2024-04-09T15:54:02","modified_gmt":"2024-04-09T19:54:02","slug":"with-nyc-spending-close-to-1-billon-on-private-special-education-chancellor-banks-lays-out-a-vision-for-reform","status":"publish","type":"article","link":"https:\/\/advocatesforchildren.org\/ht\/articles\/with-nyc-spending-close-to-1-billon-on-private-special-education-chancellor-banks-lays-out-a-vision-for-reform\/","title":{"rendered":"Pandan NYC ap depanse pr\u00e8ske $1 milya dola nan edikasyon espesyal prive, Chanselye Banks prezante yon vizyon pou ref\u00f2m."},"template":"","class_list":["post-3871","article","type-article","status-publish","hentry","article_type-afc-in-the-news","topic_tax-students-with-disabilities","misc_topic-special-education"],"acf":{"component_standard_hero":{"":null,"excerpt":"","short_description":"","button":{"":null,"link_type":"off","page":null,"file":null,"title":""},"image":null,"disable_share_icons":false},"page_layout":[{"acf_fc_layout":"layout_wysiwyg","_acfe_flexible_toggle":null,"component_wysiwyg":{"content":"<p>12.01.2022| NY Daily News | \u201cSi vil la rive reyalize sa l ap pwopoze jodi a, epi l kontinye bati sou sa, se pral yon pi bon mond pou el\u00e8v nou yo ki gen andikap ak fanmi yo,\u201d se sa Maggie Moroff, kow\u00f2donat\u00e8 prensipal politik edikasyon espesyal nan Advocates for Children, ki pral chita nan nouvo kons\u00e8y la, te deklare.\u00a0<a href=\"https:\/\/www.nydailynews.com\/new-york\/education\/ny-special-education-programs-increased-spending-banks-20221201-eiauqwjeazbqlmeiq7bda5fafe-story.html\" target=\"_blank\"><em>Li atik<\/em><\/a><\/p><p><a href=\"https:\/\/www.nydailynews.com\/new-york\/education\/ny-special-education-programs-increased-spending-banks-20221201-eiauqwjeazbqlmeiq7bda5fafe-story.html\" target=\"_blank\"><em><\/em><\/a><\/p>","":null,"settings":[]}}],"relationships":{"":null,"article_type":[83],"topics":[28],"misc_topics":[198]},"misc":{"search_results":{"":null,"excerpt":"","featured_image":""}}},"yoast_head":"<!-- This site is optimized with the Yoast SEO plugin v27.2 - https:\/\/yoast.com\/product\/yoast-seo-wordpress\/ -->\n<title>With NYC spending close to $1 billon on private special education, Chancellor Banks lays out a vision for reform - Advocates for Children of New York<\/title>\n<meta name=\"robots\" content=\"index, follow, max-snippet:-1, max-image-preview:large, max-video-preview:-1\" \/>\n<link rel=\"canonical\" href=\"https:\/\/advocatesforchildren.org\/ht\/articles\/with-nyc-spending-close-to-1-billon-on-private-special-education-chancellor-banks-lays-out-a-vision-for-reform\/\" \/>\n<meta property=\"og:locale\" content=\"ht_HT\" \/>\n<meta property=\"og:type\" content=\"article\" \/>\n<meta property=\"og:title\" content=\"With NYC spending close to $1 billon on private special education, Chancellor Banks lays out a vision for reform - Advocates for Children of New York\" \/>\n<meta property=\"og:url\" content=\"https:\/\/advocatesforchildren.org\/ht\/articles\/with-nyc-spending-close-to-1-billon-on-private-special-education-chancellor-banks-lays-out-a-vision-for-reform\/\" \/>\n<meta property=\"og:site_name\" content=\"Advocates for Children of New York\" \/>\n<meta property=\"article:publisher\" content=\"https:\/\/www.facebook.com\/AdvocatesforChildren\/\" \/>\n<meta property=\"article:modified_time\" content=\"2024-04-09T19:54:02+00:00\" \/>\n<meta property=\"og:image\" content=\"https:\/\/advocatesforchildren.org\/wp-content\/uploads\/2024\/03\/share.jpg\" \/>\n\t<meta property=\"og:image:width\" content=\"1200\" \/>\n\t<meta property=\"og:image:height\" content=\"630\" \/>\n\t<meta property=\"og:image:type\" content=\"image\/jpeg\" \/>\n<meta name=\"twitter:card\" content=\"summary_large_image\" \/>\n<meta name=\"twitter:site\" content=\"@AFCNewYork\" \/>\n<script type=\"application\/ld+json\" class=\"yoast-schema-graph\">{\"@context\":\"https:\/\/schema.org\",\"@graph\":[{\"@type\":\"WebPage\",\"@id\":\"https:\/\/advocatesforchildren.org\/articles\/with-nyc-spending-close-to-1-billon-on-private-special-education-chancellor-banks-lays-out-a-vision-for-reform\/\",\"url\":\"https:\/\/advocatesforchildren.org\/articles\/with-nyc-spending-close-to-1-billon-on-private-special-education-chancellor-banks-lays-out-a-vision-for-reform\/\",\"name\":\"With NYC spending close to $1 billon on private special education, Chancellor Banks lays out a vision for reform - Advocates for Children of New York\",\"isPartOf\":{\"@id\":\"https:\/\/advocatesforchildren.org\/#website\"},\"datePublished\":\"2022-12-13T15:10:50+00:00\",\"dateModified\":\"2024-04-09T19:54:02+00:00\",\"breadcrumb\":{\"@id\":\"https:\/\/advocatesforchildren.org\/articles\/with-nyc-spending-close-to-1-billon-on-private-special-education-chancellor-banks-lays-out-a-vision-for-reform\/#breadcrumb\"},\"inLanguage\":\"ht\",\"potentialAction\":[{\"@type\":\"ReadAction\",\"target\":[\"https:\/\/advocatesforchildren.org\/articles\/with-nyc-spending-close-to-1-billon-on-private-special-education-chancellor-banks-lays-out-a-vision-for-reform\/\"]}]},{\"@type\":\"BreadcrumbList\",\"@id\":\"https:\/\/advocatesforchildren.org\/articles\/with-nyc-spending-close-to-1-billon-on-private-special-education-chancellor-banks-lays-out-a-vision-for-reform\/#breadcrumb\",\"itemListElement\":[{\"@type\":\"ListItem\",\"position\":1,\"name\":\"Home\",\"item\":\"https:\/\/advocatesforchildren.org\/\"},{\"@type\":\"ListItem\",\"position\":2,\"name\":\"With NYC spending close to $1 billon on private special education, Chancellor Banks lays out a vision for reform\"}]},{\"@type\":\"WebSite\",\"@id\":\"https:\/\/advocatesforchildren.org\/#website\",\"url\":\"https:\/\/advocatesforchildren.org\/\",\"name\":\"Advocates for Children of New York\",\"description\":\"\",\"publisher\":{\"@id\":\"https:\/\/advocatesforchildren.org\/#organization\"},\"potentialAction\":[{\"@type\":\"SearchAction\",\"target\":{\"@type\":\"EntryPoint\",\"urlTemplate\":\"https:\/\/advocatesforchildren.org\/?s={search_term_string}\"},\"query-input\":{\"@type\":\"PropertyValueSpecification\",\"valueRequired\":true,\"valueName\":\"search_term_string\"}}],\"inLanguage\":\"ht\"},{\"@type\":\"Organization\",\"@id\":\"https:\/\/advocatesforchildren.org\/#organization\",\"name\":\"Advocates for Children of New York\",\"url\":\"https:\/\/advocatesforchildren.org\/\",\"logo\":{\"@type\":\"ImageObject\",\"inLanguage\":\"ht\",\"@id\":\"https:\/\/advocatesforchildren.org\/#\/schema\/logo\/image\/\",\"url\":\"https:\/\/advocatesforchildren.org\/wp-content\/uploads\/2024\/03\/afc-logo.png\",\"contentUrl\":\"https:\/\/advocatesforchildren.org\/wp-content\/uploads\/2024\/03\/afc-logo.png\",\"width\":696,\"height\":696,\"caption\":\"Advocates for Children of New York\"},\"image\":{\"@id\":\"https:\/\/advocatesforchildren.org\/#\/schema\/logo\/image\/\"},\"sameAs\":[\"https:\/\/www.facebook.com\/AdvocatesforChildren\/\",\"https:\/\/x.com\/AFCNewYork\"]}]}<\/script>\n<!-- \/ Yoast SEO plugin. -->","yoast_head_json":{"title":"With NYC spending close to $1 billon on private special education, Chancellor Banks lays out a vision for reform - Advocates for Children of New York","robots":{"index":"index","follow":"follow","max-snippet":"max-snippet:-1","max-image-preview":"max-image-preview:large","max-video-preview":"max-video-preview:-1"},"canonical":"https:\/\/advocatesforchildren.org\/ht\/articles\/with-nyc-spending-close-to-1-billon-on-private-special-education-chancellor-banks-lays-out-a-vision-for-reform\/","og_locale":"ht_HT","og_type":"article","og_title":"With NYC spending close to $1 billon on private special education, Chancellor Banks lays out a vision for reform - Advocates for Children of New York","og_url":"https:\/\/advocatesforchildren.org\/ht\/articles\/with-nyc-spending-close-to-1-billon-on-private-special-education-chancellor-banks-lays-out-a-vision-for-reform\/","og_site_name":"Advocates for Children of New York","article_publisher":"https:\/\/www.facebook.com\/AdvocatesforChildren\/","article_modified_time":"2024-04-09T19:54:02+00:00","og_image":[{"width":1200,"height":630,"url":"https:\/\/advocatesforchildren.org\/wp-content\/uploads\/2024\/03\/share.jpg","type":"image\/jpeg"}],"twitter_card":"summary_large_image","twitter_site":"@AFCNewYork","schema":{"@context":"https:\/\/schema.org","@graph":[{"@type":"WebPage","@id":"https:\/\/advocatesforchildren.org\/articles\/with-nyc-spending-close-to-1-billon-on-private-special-education-chancellor-banks-lays-out-a-vision-for-reform\/","url":"https:\/\/advocatesforchildren.org\/articles\/with-nyc-spending-close-to-1-billon-on-private-special-education-chancellor-banks-lays-out-a-vision-for-reform\/","name":"With NYC spending close to $1 billon on private special education, Chancellor Banks lays out a vision for reform - Advocates for Children of New York","isPartOf":{"@id":"https:\/\/advocatesforchildren.org\/#website"},"datePublished":"2022-12-13T15:10:50+00:00","dateModified":"2024-04-09T19:54:02+00:00","breadcrumb":{"@id":"https:\/\/advocatesforchildren.org\/articles\/with-nyc-spending-close-to-1-billon-on-private-special-education-chancellor-banks-lays-out-a-vision-for-reform\/#breadcrumb"},"inLanguage":"ht","potentialAction":[{"@type":"ReadAction","target":["https:\/\/advocatesforchildren.org\/articles\/with-nyc-spending-close-to-1-billon-on-private-special-education-chancellor-banks-lays-out-a-vision-for-reform\/"]}]},{"@type":"BreadcrumbList","@id":"https:\/\/advocatesforchildren.org\/articles\/with-nyc-spending-close-to-1-billon-on-private-special-education-chancellor-banks-lays-out-a-vision-for-reform\/#breadcrumb","itemListElement":[{"@type":"ListItem","position":1,"name":"Home","item":"https:\/\/advocatesforchildren.org\/"},{"@type":"ListItem","position":2,"name":"With NYC spending close to $1 billon on private special education, Chancellor Banks lays out a vision for reform"}]},{"@type":"WebSite","@id":"https:\/\/advocatesforchildren.org\/#website","url":"https:\/\/advocatesforchildren.org\/","name":"Advocates for Children of New York","description":"","publisher":{"@id":"https:\/\/advocatesforchildren.org\/#organization"},"potentialAction":[{"@type":"SearchAction","target":{"@type":"EntryPoint","urlTemplate":"https:\/\/advocatesforchildren.org\/?s={search_term_string}"},"query-input":{"@type":"PropertyValueSpecification","valueRequired":true,"valueName":"search_term_string"}}],"inLanguage":"ht"},{"@type":"Organization","@id":"https:\/\/advocatesforchildren.org\/#organization","name":"Advocates for Children of New York","url":"https:\/\/advocatesforchildren.org\/","logo":{"@type":"ImageObject","inLanguage":"ht","@id":"https:\/\/advocatesforchildren.org\/#\/schema\/logo\/image\/","url":"https:\/\/advocatesforchildren.org\/wp-content\/uploads\/2024\/03\/afc-logo.png","contentUrl":"https:\/\/advocatesforchildren.org\/wp-content\/uploads\/2024\/03\/afc-logo.png","width":696,"height":696,"caption":"Advocates for Children of New York"},"image":{"@id":"https:\/\/advocatesforchildren.org\/#\/schema\/logo\/image\/"},"sameAs":["https:\/\/www.facebook.com\/AdvocatesforChildren\/","https:\/\/x.com\/AFCNewYork"]}]}},"_links":{"self":[{"href":"https:\/\/advocatesforchildren.org\/ht\/wp-json\/wp\/v2\/article\/3871","targetHints":{"allow":["GET"]}}],"collection":[{"href":"https:\/\/advocatesforchildren.org\/ht\/wp-json\/wp\/v2\/article"}],"about":[{"href":"https:\/\/advocatesforchildren.org\/ht\/wp-json\/wp\/v2\/types\/article"}],"version-history":[{"count":0,"href":"https:\/\/advocatesforchildren.org\/ht\/wp-json\/wp\/v2\/article\/3871\/revisions"}],"wp:attachment":[{"href":"https:\/\/advocatesforchildren.org\/ht\/wp-json\/wp\/v2\/media?parent=3871"}],"curies":[{"name":"wp","href":"https:\/\/api.w.org\/{rel}","templated":true}]}}