{"id":3167,"date":"2019-01-16T17:01:04","date_gmt":"2019-01-16T17:01:04","guid":{"rendered":"https:\/\/advocatesforchildren.org\/articles\/new-york-dream-act-poised-to-pass-before-end-of-january\/"},"modified":"2024-02-29T04:27:59","modified_gmt":"2024-02-29T04:27:59","slug":"new-york-dream-act-poised-to-pass-before-end-of-january","status":"publish","type":"article","link":"https:\/\/advocatesforchildren.org\/ht\/articles\/new-york-dream-act-poised-to-pass-before-end-of-january\/","title":{"rendered":"Lwa DREAM New York la pare pou l pase anvan fen mwa janvye a."},"template":"","class_list":["post-3167","article","type-article","status-publish","hentry","article_type-afc-in-the-news","topic_tax-immigrant-students-english-language-learners"],"acf":{"component_standard_hero":{"":null,"excerpt":"","short_description":"","button":{"":null,"link_type":"off","page":null,"file":null,"title":""},"image":null,"disable_share_icons":false},"page_layout":[{"acf_fc_layout":"layout_wysiwyg","_acfe_flexible_toggle":null,"component_wysiwyg":{"content":"<p>01.10.2019 | Chalkbeat New York | Defans\u00e8 imigrasyon yo, ki ap pouse New York depi plizy\u00e8 ane pou l vote yon lwa konsa, akeyi pwoj\u00e8 lwa a. \u201cEl\u00e8v nou yo ki soti nan fanmi imigran ap f\u00e8 fas ak laper\u00e8z ak ens\u00e8titid nan anpil asp\u00e8 nan lavi yo,\u201d se sa Rita Rodriguez-Engberg, direktris Pwoj\u00e8 Dwa El\u00e8v Imigran pou Advocates for Children of New York, te deklare nan yon kominike pa im\u00e8l. \u2019Leta Nouy\u00f2k ta dwe jwe yon w\u00f2l lid\u00e8chip epi montre angajman li anv\u00e8 el\u00e8v imigran yo l\u00e8 li vote Lwa DREAM la.\u201c <a href=\"https:\/\/chalkbeat.org\/posts\/ny\/2019\/01\/10\/new-york-dream-act-poised-to-pass-before-end-of-january\/\" target=\"_blank\"><em>Li atik<\/em><\/a><\/p>","":null,"settings":[]}}],"relationships":{"":null,"article_type":[83],"topics":[27],"misc_topics":false},"misc":{"search_results":{"":null,"excerpt":"","featured_image":""}}},"yoast_head":"<!-- This site is optimized with the Yoast SEO plugin v27.2 - https:\/\/yoast.com\/product\/yoast-seo-wordpress\/ -->\n<title>New York DREAM Act poised to pass before end of January - Advocates for Children of New York<\/title>\n<meta name=\"robots\" content=\"index, follow, max-snippet:-1, max-image-preview:large, max-video-preview:-1\" \/>\n<link rel=\"canonical\" href=\"https:\/\/advocatesforchildren.org\/ht\/articles\/new-york-dream-act-poised-to-pass-before-end-of-january\/\" \/>\n<meta property=\"og:locale\" content=\"ht_HT\" \/>\n<meta property=\"og:type\" content=\"article\" \/>\n<meta property=\"og:title\" content=\"New York DREAM Act poised to pass before end of January - Advocates for Children of New York\" \/>\n<meta property=\"og:url\" content=\"https:\/\/advocatesforchildren.org\/ht\/articles\/new-york-dream-act-poised-to-pass-before-end-of-january\/\" \/>\n<meta property=\"og:site_name\" content=\"Advocates for Children of New York\" \/>\n<meta property=\"article:publisher\" content=\"https:\/\/www.facebook.com\/AdvocatesforChildren\/\" \/>\n<meta property=\"article:modified_time\" content=\"2024-02-29T04:27:59+00:00\" \/>\n<meta property=\"og:image\" content=\"https:\/\/advocatesforchildren.org\/wp-content\/uploads\/2024\/03\/share.jpg\" \/>\n\t<meta property=\"og:image:width\" content=\"1200\" \/>\n\t<meta property=\"og:image:height\" content=\"630\" \/>\n\t<meta property=\"og:image:type\" content=\"image\/jpeg\" \/>\n<meta name=\"twitter:card\" content=\"summary_large_image\" \/>\n<meta name=\"twitter:site\" content=\"@AFCNewYork\" \/>\n<script type=\"application\/ld+json\" class=\"yoast-schema-graph\">{\"@context\":\"https:\/\/schema.org\",\"@graph\":[{\"@type\":\"WebPage\",\"@id\":\"https:\/\/advocatesforchildren.org\/articles\/new-york-dream-act-poised-to-pass-before-end-of-january\/\",\"url\":\"https:\/\/advocatesforchildren.org\/articles\/new-york-dream-act-poised-to-pass-before-end-of-january\/\",\"name\":\"New York DREAM Act poised to pass before end of January - Advocates for Children of New York\",\"isPartOf\":{\"@id\":\"https:\/\/advocatesforchildren.org\/#website\"},\"datePublished\":\"2019-01-16T17:01:04+00:00\",\"dateModified\":\"2024-02-29T04:27:59+00:00\",\"breadcrumb\":{\"@id\":\"https:\/\/advocatesforchildren.org\/articles\/new-york-dream-act-poised-to-pass-before-end-of-january\/#breadcrumb\"},\"inLanguage\":\"ht\",\"potentialAction\":[{\"@type\":\"ReadAction\",\"target\":[\"https:\/\/advocatesforchildren.org\/articles\/new-york-dream-act-poised-to-pass-before-end-of-january\/\"]}]},{\"@type\":\"BreadcrumbList\",\"@id\":\"https:\/\/advocatesforchildren.org\/articles\/new-york-dream-act-poised-to-pass-before-end-of-january\/#breadcrumb\",\"itemListElement\":[{\"@type\":\"ListItem\",\"position\":1,\"name\":\"Home\",\"item\":\"https:\/\/advocatesforchildren.org\/\"},{\"@type\":\"ListItem\",\"position\":2,\"name\":\"New York DREAM Act poised to pass before end of January\"}]},{\"@type\":\"WebSite\",\"@id\":\"https:\/\/advocatesforchildren.org\/#website\",\"url\":\"https:\/\/advocatesforchildren.org\/\",\"name\":\"Advocates for Children of New York\",\"description\":\"\",\"publisher\":{\"@id\":\"https:\/\/advocatesforchildren.org\/#organization\"},\"potentialAction\":[{\"@type\":\"SearchAction\",\"target\":{\"@type\":\"EntryPoint\",\"urlTemplate\":\"https:\/\/advocatesforchildren.org\/?s={search_term_string}\"},\"query-input\":{\"@type\":\"PropertyValueSpecification\",\"valueRequired\":true,\"valueName\":\"search_term_string\"}}],\"inLanguage\":\"ht\"},{\"@type\":\"Organization\",\"@id\":\"https:\/\/advocatesforchildren.org\/#organization\",\"name\":\"Advocates for Children of New York\",\"url\":\"https:\/\/advocatesforchildren.org\/\",\"logo\":{\"@type\":\"ImageObject\",\"inLanguage\":\"ht\",\"@id\":\"https:\/\/advocatesforchildren.org\/#\/schema\/logo\/image\/\",\"url\":\"https:\/\/advocatesforchildren.org\/wp-content\/uploads\/2024\/03\/afc-logo.png\",\"contentUrl\":\"https:\/\/advocatesforchildren.org\/wp-content\/uploads\/2024\/03\/afc-logo.png\",\"width\":696,\"height\":696,\"caption\":\"Advocates for Children of New York\"},\"image\":{\"@id\":\"https:\/\/advocatesforchildren.org\/#\/schema\/logo\/image\/\"},\"sameAs\":[\"https:\/\/www.facebook.com\/AdvocatesforChildren\/\",\"https:\/\/x.com\/AFCNewYork\"]}]}<\/script>\n<!-- \/ Yoast SEO plugin. -->","yoast_head_json":{"title":"New York DREAM Act poised to pass before end of January - Advocates for Children of New York","robots":{"index":"index","follow":"follow","max-snippet":"max-snippet:-1","max-image-preview":"max-image-preview:large","max-video-preview":"max-video-preview:-1"},"canonical":"https:\/\/advocatesforchildren.org\/ht\/articles\/new-york-dream-act-poised-to-pass-before-end-of-january\/","og_locale":"ht_HT","og_type":"article","og_title":"New York DREAM Act poised to pass before end of January - Advocates for Children of New York","og_url":"https:\/\/advocatesforchildren.org\/ht\/articles\/new-york-dream-act-poised-to-pass-before-end-of-january\/","og_site_name":"Advocates for Children of New York","article_publisher":"https:\/\/www.facebook.com\/AdvocatesforChildren\/","article_modified_time":"2024-02-29T04:27:59+00:00","og_image":[{"width":1200,"height":630,"url":"https:\/\/advocatesforchildren.org\/wp-content\/uploads\/2024\/03\/share.jpg","type":"image\/jpeg"}],"twitter_card":"summary_large_image","twitter_site":"@AFCNewYork","schema":{"@context":"https:\/\/schema.org","@graph":[{"@type":"WebPage","@id":"https:\/\/advocatesforchildren.org\/articles\/new-york-dream-act-poised-to-pass-before-end-of-january\/","url":"https:\/\/advocatesforchildren.org\/articles\/new-york-dream-act-poised-to-pass-before-end-of-january\/","name":"New York DREAM Act poised to pass before end of January - Advocates for Children of New York","isPartOf":{"@id":"https:\/\/advocatesforchildren.org\/#website"},"datePublished":"2019-01-16T17:01:04+00:00","dateModified":"2024-02-29T04:27:59+00:00","breadcrumb":{"@id":"https:\/\/advocatesforchildren.org\/articles\/new-york-dream-act-poised-to-pass-before-end-of-january\/#breadcrumb"},"inLanguage":"ht","potentialAction":[{"@type":"ReadAction","target":["https:\/\/advocatesforchildren.org\/articles\/new-york-dream-act-poised-to-pass-before-end-of-january\/"]}]},{"@type":"BreadcrumbList","@id":"https:\/\/advocatesforchildren.org\/articles\/new-york-dream-act-poised-to-pass-before-end-of-january\/#breadcrumb","itemListElement":[{"@type":"ListItem","position":1,"name":"Home","item":"https:\/\/advocatesforchildren.org\/"},{"@type":"ListItem","position":2,"name":"New York DREAM Act poised to pass before end of January"}]},{"@type":"WebSite","@id":"https:\/\/advocatesforchildren.org\/#website","url":"https:\/\/advocatesforchildren.org\/","name":"Advocates for Children of New York","description":"","publisher":{"@id":"https:\/\/advocatesforchildren.org\/#organization"},"potentialAction":[{"@type":"SearchAction","target":{"@type":"EntryPoint","urlTemplate":"https:\/\/advocatesforchildren.org\/?s={search_term_string}"},"query-input":{"@type":"PropertyValueSpecification","valueRequired":true,"valueName":"search_term_string"}}],"inLanguage":"ht"},{"@type":"Organization","@id":"https:\/\/advocatesforchildren.org\/#organization","name":"Advocates for Children of New York","url":"https:\/\/advocatesforchildren.org\/","logo":{"@type":"ImageObject","inLanguage":"ht","@id":"https:\/\/advocatesforchildren.org\/#\/schema\/logo\/image\/","url":"https:\/\/advocatesforchildren.org\/wp-content\/uploads\/2024\/03\/afc-logo.png","contentUrl":"https:\/\/advocatesforchildren.org\/wp-content\/uploads\/2024\/03\/afc-logo.png","width":696,"height":696,"caption":"Advocates for Children of New York"},"image":{"@id":"https:\/\/advocatesforchildren.org\/#\/schema\/logo\/image\/"},"sameAs":["https:\/\/www.facebook.com\/AdvocatesforChildren\/","https:\/\/x.com\/AFCNewYork"]}]}},"_links":{"self":[{"href":"https:\/\/advocatesforchildren.org\/ht\/wp-json\/wp\/v2\/article\/3167","targetHints":{"allow":["GET"]}}],"collection":[{"href":"https:\/\/advocatesforchildren.org\/ht\/wp-json\/wp\/v2\/article"}],"about":[{"href":"https:\/\/advocatesforchildren.org\/ht\/wp-json\/wp\/v2\/types\/article"}],"version-history":[{"count":0,"href":"https:\/\/advocatesforchildren.org\/ht\/wp-json\/wp\/v2\/article\/3167\/revisions"}],"wp:attachment":[{"href":"https:\/\/advocatesforchildren.org\/ht\/wp-json\/wp\/v2\/media?parent=3167"}],"curies":[{"name":"wp","href":"https:\/\/api.w.org\/{rel}","templated":true}]}}