{"id":591,"date":"2012-01-04T09:17:33","date_gmt":"2012-01-04T09:17:33","guid":{"rendered":"https:\/\/advocatesforchildren.org\/story\/stevens-story\/"},"modified":"2024-05-15T12:16:09","modified_gmt":"2024-05-15T16:16:09","slug":"stevens-story","status":"publish","type":"story","link":"https:\/\/advocatesforchildren.org\/fr\/story\/stevens-story\/","title":{"rendered":"L&#039;histoire de Steven"},"template":"","class_list":["post-591","story","type-story","status-publish","hentry","topic_tax-court-involved-youth","topic_tax-discipline"],"acf":{"component_hero":{"variant":"solid","":null,"subheader":"","button":"","image":""},"page_layout":[{"acf_fc_layout":"layout_wysiwyg","_acfe_flexible_toggle":"","component_wysiwyg":{"content":"<span style=\"font-weight: 400;\">Steven \u00e9tait un \u00e9tudiant brillant de treize ans qui fr\u00e9quentait un coll\u00e8ge public de Brooklyn. Un apr\u00e8s-midi, le directeur annonce que des punaises de lit ont \u00e9t\u00e9 trouv\u00e9es dans l&#039;\u00e9cole. Sur la base des instructions de sa m\u00e8re, Steven a apport\u00e9 un spray anti-punaises de lit enti\u00e8rement naturel \u00e0 l&#039;\u00e9cole le lendemain. \u00c0 l&#039;\u00e9cole, Steven a vaporis\u00e9 ses v\u00eatements et son cartable en entrant dans chaque classe. Lorsque Steven est arriv\u00e9 \u00e0 ses derni\u00e8res r\u00e8gles de la journ\u00e9e, il s&#039;est vaporis\u00e9 du r\u00e9pulsif contre les punaises de lit. L&#039;enseignante a dit \u00e0 Steven qu&#039;elle \u00e9tait tr\u00e8s sensible et asthmatique et qu&#039;elle se sentait mal \u00e0 l&#039;aise avec le spray. Le professeur a quitt\u00e9 la classe.<\/span>\r\n\r\n<span style=\"font-weight: 400;\">Le lendemain, Steven a \u00e9t\u00e9 suspendu pour 5 jours par le surintendant, l&#039;accusant de possession d&#039;une arme et d&#039;un produit chimique dangereux et d&#039;avoir pulv\u00e9ris\u00e9 ce produit chimique dans une classe d&#039;\u00e9l\u00e8ves, provoquant une crise d&#039;asthme chez un enseignant.<\/span>\r\n\r\n<span style=\"font-weight: 400;\">Advocates for Children of New York (AFC) a repr\u00e9sent\u00e9 Steven lors de son audience de suspension. L&#039;AFC a prouv\u00e9 que le spray anti-punaises de lit enti\u00e8rement naturel que Steven s&#039;est vaporis\u00e9 n&#039;\u00e9tait ni une arme ni un produit chimique dangereux. AFC a \u00e9galement prouv\u00e9 que le spray enti\u00e8rement naturel ne contenait aucun ingr\u00e9dient connu pour aggraver l&#039;asthme ou provoquer des sympt\u00f4mes asthmatiques.<\/span>\r\n\r\n<span style=\"font-weight: 400;\">\u00c9tonnamment, quelques jours plus tard, lorsque la d\u00e9cision du conseiller-auditeur a \u00e9t\u00e9 annonc\u00e9e, les charges ont \u00e9t\u00e9 modifi\u00e9es. Les accusations de possession d&#039;une arme et d&#039;un produit chimique dangereux ont \u00e9t\u00e9 rejet\u00e9es, mais Steven a maintenant \u00e9t\u00e9 accus\u00e9 de comportement imprudent ayant caus\u00e9 des blessures graves. Steven a \u00e9t\u00e9 condamn\u00e9 \u00e0 une suspension de 30 jours du surintendant. L&#039;AFC, en partenariat avec le cabinet d&#039;avocats Nixon Peabody LLP, a d\u00e9pos\u00e9 un appel et a exhort\u00e9 le tribunal \u00e0 annuler imm\u00e9diatement la suspension de 30 jours du surintendant. Les avocats ont prouv\u00e9 que la proc\u00e9dure r\u00e9guli\u00e8re de Steven avait \u00e9t\u00e9 viol\u00e9e parce que les accusations modifi\u00e9es de comportement imprudent ayant caus\u00e9 des blessures graves n&#039;\u00e9taient pas mentionn\u00e9es dans l&#039;avis de suspension. De plus, une suspension de 30 jours du surintendant \u00e0 son dossier r\u00e9duirait s\u00e9rieusement les chances de Steven d&#039;\u00eatre accept\u00e9 dans une \u00e9cole secondaire hautement comp\u00e9titive. La d\u00e9cision a \u00e9t\u00e9 annul\u00e9e et les accusations port\u00e9es contre Steven ont \u00e9t\u00e9 abandonn\u00e9es et effac\u00e9es de son dossier. Aujourd&#039;hui, Steven est un \u00e9l\u00e8ve \u00e0 succ\u00e8s au prestigieux lyc\u00e9e Stuyvesant.<\/span>","":null,"settings":""}}],"relationships":{"":null,"topic":[26,24],"misc_topics":false},"misc":{"disable_sticky_helpbar":false,"search_results":{"":null,"excerpt":"","featured_image":""}},"component_slide":{"":null,"image":7317,"custom_tag":"","kicker":"Steven's Story","title":"L&#039;AFC s&#039;est battue avec succ\u00e8s pour annuler les accusations associ\u00e9es \u00e0 la suspension injuste de Steven. Aujourd&#039;hui, Steven est un \u00e9l\u00e8ve \u00e0 succ\u00e8s au prestigieux lyc\u00e9e Stuyvesant.","link_text":"Read the full story"}},"yoast_head":"<!-- This site is optimized with the Yoast SEO plugin v27.2 - https:\/\/yoast.com\/product\/yoast-seo-wordpress\/ -->\n<title>Steven&#039;s Story - Advocates for Children of New York<\/title>\n<meta name=\"robots\" content=\"index, follow, max-snippet:-1, max-image-preview:large, max-video-preview:-1\" \/>\n<link rel=\"canonical\" href=\"https:\/\/advocatesforchildren.org\/fr\/story\/stevens-story\/\" \/>\n<meta property=\"og:locale\" content=\"fr_FR\" \/>\n<meta property=\"og:type\" content=\"article\" \/>\n<meta property=\"og:title\" content=\"Steven&#039;s Story - Advocates for Children of New York\" \/>\n<meta property=\"og:url\" content=\"https:\/\/advocatesforchildren.org\/fr\/story\/stevens-story\/\" \/>\n<meta property=\"og:site_name\" content=\"Advocates for Children of New York\" \/>\n<meta property=\"article:publisher\" content=\"https:\/\/www.facebook.com\/AdvocatesforChildren\/\" \/>\n<meta property=\"article:modified_time\" content=\"2024-05-15T16:16:09+00:00\" \/>\n<meta property=\"og:image\" content=\"https:\/\/advocatesforchildren.org\/wp-content\/uploads\/2024\/03\/share.jpg\" \/>\n\t<meta property=\"og:image:width\" content=\"1200\" \/>\n\t<meta property=\"og:image:height\" content=\"630\" \/>\n\t<meta property=\"og:image:type\" content=\"image\/jpeg\" \/>\n<meta name=\"twitter:card\" content=\"summary_large_image\" \/>\n<meta name=\"twitter:site\" content=\"@AFCNewYork\" \/>\n<script type=\"application\/ld+json\" class=\"yoast-schema-graph\">{\"@context\":\"https:\/\/schema.org\",\"@graph\":[{\"@type\":\"WebPage\",\"@id\":\"https:\/\/advocatesforchildren.org\/story\/stevens-story\/\",\"url\":\"https:\/\/advocatesforchildren.org\/story\/stevens-story\/\",\"name\":\"Steven's Story - Advocates for Children of New York\",\"isPartOf\":{\"@id\":\"https:\/\/advocatesforchildren.org\/#website\"},\"datePublished\":\"2012-01-04T09:17:33+00:00\",\"dateModified\":\"2024-05-15T16:16:09+00:00\",\"breadcrumb\":{\"@id\":\"https:\/\/advocatesforchildren.org\/story\/stevens-story\/#breadcrumb\"},\"inLanguage\":\"fr-FR\",\"potentialAction\":[{\"@type\":\"ReadAction\",\"target\":[\"https:\/\/advocatesforchildren.org\/story\/stevens-story\/\"]}]},{\"@type\":\"BreadcrumbList\",\"@id\":\"https:\/\/advocatesforchildren.org\/story\/stevens-story\/#breadcrumb\",\"itemListElement\":[{\"@type\":\"ListItem\",\"position\":1,\"name\":\"Home\",\"item\":\"https:\/\/advocatesforchildren.org\/\"},{\"@type\":\"ListItem\",\"position\":2,\"name\":\"Steven&#8217;s Story\"}]},{\"@type\":\"WebSite\",\"@id\":\"https:\/\/advocatesforchildren.org\/#website\",\"url\":\"https:\/\/advocatesforchildren.org\/\",\"name\":\"Advocates for Children of New York\",\"description\":\"\",\"publisher\":{\"@id\":\"https:\/\/advocatesforchildren.org\/#organization\"},\"potentialAction\":[{\"@type\":\"SearchAction\",\"target\":{\"@type\":\"EntryPoint\",\"urlTemplate\":\"https:\/\/advocatesforchildren.org\/?s={search_term_string}\"},\"query-input\":{\"@type\":\"PropertyValueSpecification\",\"valueRequired\":true,\"valueName\":\"search_term_string\"}}],\"inLanguage\":\"fr-FR\"},{\"@type\":\"Organization\",\"@id\":\"https:\/\/advocatesforchildren.org\/#organization\",\"name\":\"Advocates for Children of New York\",\"url\":\"https:\/\/advocatesforchildren.org\/\",\"logo\":{\"@type\":\"ImageObject\",\"inLanguage\":\"fr-FR\",\"@id\":\"https:\/\/advocatesforchildren.org\/#\/schema\/logo\/image\/\",\"url\":\"https:\/\/advocatesforchildren.org\/wp-content\/uploads\/2024\/03\/afc-logo.png\",\"contentUrl\":\"https:\/\/advocatesforchildren.org\/wp-content\/uploads\/2024\/03\/afc-logo.png\",\"width\":696,\"height\":696,\"caption\":\"Advocates for Children of New York\"},\"image\":{\"@id\":\"https:\/\/advocatesforchildren.org\/#\/schema\/logo\/image\/\"},\"sameAs\":[\"https:\/\/www.facebook.com\/AdvocatesforChildren\/\",\"https:\/\/x.com\/AFCNewYork\"]}]}<\/script>\n<!-- \/ Yoast SEO plugin. -->","yoast_head_json":{"title":"Steven's Story - Advocates for Children of New York","robots":{"index":"index","follow":"follow","max-snippet":"max-snippet:-1","max-image-preview":"max-image-preview:large","max-video-preview":"max-video-preview:-1"},"canonical":"https:\/\/advocatesforchildren.org\/fr\/story\/stevens-story\/","og_locale":"fr_FR","og_type":"article","og_title":"Steven's Story - Advocates for Children of New York","og_url":"https:\/\/advocatesforchildren.org\/fr\/story\/stevens-story\/","og_site_name":"Advocates for Children of New York","article_publisher":"https:\/\/www.facebook.com\/AdvocatesforChildren\/","article_modified_time":"2024-05-15T16:16:09+00:00","og_image":[{"width":1200,"height":630,"url":"https:\/\/advocatesforchildren.org\/wp-content\/uploads\/2024\/03\/share.jpg","type":"image\/jpeg"}],"twitter_card":"summary_large_image","twitter_site":"@AFCNewYork","schema":{"@context":"https:\/\/schema.org","@graph":[{"@type":"WebPage","@id":"https:\/\/advocatesforchildren.org\/story\/stevens-story\/","url":"https:\/\/advocatesforchildren.org\/story\/stevens-story\/","name":"Steven's Story - Advocates for Children of New York","isPartOf":{"@id":"https:\/\/advocatesforchildren.org\/#website"},"datePublished":"2012-01-04T09:17:33+00:00","dateModified":"2024-05-15T16:16:09+00:00","breadcrumb":{"@id":"https:\/\/advocatesforchildren.org\/story\/stevens-story\/#breadcrumb"},"inLanguage":"fr-FR","potentialAction":[{"@type":"ReadAction","target":["https:\/\/advocatesforchildren.org\/story\/stevens-story\/"]}]},{"@type":"BreadcrumbList","@id":"https:\/\/advocatesforchildren.org\/story\/stevens-story\/#breadcrumb","itemListElement":[{"@type":"ListItem","position":1,"name":"Home","item":"https:\/\/advocatesforchildren.org\/"},{"@type":"ListItem","position":2,"name":"Steven&#8217;s Story"}]},{"@type":"WebSite","@id":"https:\/\/advocatesforchildren.org\/#website","url":"https:\/\/advocatesforchildren.org\/","name":"D\u00e9fenseurs des enfants de New York","description":"","publisher":{"@id":"https:\/\/advocatesforchildren.org\/#organization"},"potentialAction":[{"@type":"SearchAction","target":{"@type":"EntryPoint","urlTemplate":"https:\/\/advocatesforchildren.org\/?s={search_term_string}"},"query-input":{"@type":"PropertyValueSpecification","valueRequired":true,"valueName":"search_term_string"}}],"inLanguage":"fr-FR"},{"@type":"Organization","@id":"https:\/\/advocatesforchildren.org\/#organization","name":"D\u00e9fenseurs des enfants de New York","url":"https:\/\/advocatesforchildren.org\/","logo":{"@type":"ImageObject","inLanguage":"fr-FR","@id":"https:\/\/advocatesforchildren.org\/#\/schema\/logo\/image\/","url":"https:\/\/advocatesforchildren.org\/wp-content\/uploads\/2024\/03\/afc-logo.png","contentUrl":"https:\/\/advocatesforchildren.org\/wp-content\/uploads\/2024\/03\/afc-logo.png","width":696,"height":696,"caption":"Advocates for Children of New York"},"image":{"@id":"https:\/\/advocatesforchildren.org\/#\/schema\/logo\/image\/"},"sameAs":["https:\/\/www.facebook.com\/AdvocatesforChildren\/","https:\/\/x.com\/AFCNewYork"]}]}},"_links":{"self":[{"href":"https:\/\/advocatesforchildren.org\/fr\/wp-json\/wp\/v2\/story\/591","targetHints":{"allow":["GET"]}}],"collection":[{"href":"https:\/\/advocatesforchildren.org\/fr\/wp-json\/wp\/v2\/story"}],"about":[{"href":"https:\/\/advocatesforchildren.org\/fr\/wp-json\/wp\/v2\/types\/story"}],"version-history":[{"count":0,"href":"https:\/\/advocatesforchildren.org\/fr\/wp-json\/wp\/v2\/story\/591\/revisions"}],"wp:attachment":[{"href":"https:\/\/advocatesforchildren.org\/fr\/wp-json\/wp\/v2\/media?parent=591"}],"curies":[{"name":"wp","href":"https:\/\/api.w.org\/{rel}","templated":true}]}}