{"id":590,"date":"2012-01-04T09:16:03","date_gmt":"2012-01-04T09:16:03","guid":{"rendered":"https:\/\/advocatesforchildren.org\/story\/marks-story\/"},"modified":"2024-05-15T12:15:20","modified_gmt":"2024-05-15T16:15:20","slug":"marks-story","status":"publish","type":"story","link":"https:\/\/advocatesforchildren.org\/fr\/story\/marks-story\/","title":{"rendered":"L&#039;histoire de Marc"},"template":"","class_list":["post-590","story","type-story","status-publish","hentry","topic_tax-students-in-temporary-housing"],"acf":{"component_hero":{"variant":"solid","":null,"subheader":"","button":"","image":""},"page_layout":[{"acf_fc_layout":"layout_wysiwyg","_acfe_flexible_toggle":"","component_wysiwyg":{"content":"<span style=\"font-weight: 400;\">Mark avait 10 ans lorsque sa famille a \u00e9t\u00e9 expuls\u00e9e de son domicile. Ils ont demand\u00e9 un logement temporaire et ont \u00e9t\u00e9 plac\u00e9s dans un \u00e9tablissement \u00e9loign\u00e9 de leur domicile et de l&#039;\u00e9cole que Mark et sa s\u0153ur Alicia fr\u00e9quentaient. Les parents de Mark pensaient qu&#039;il \u00e9tait important que leurs enfants puissent rester \u00e0 leur \u00e9cole car ils entretenaient des liens \u00e9troits avec leurs enseignants et leurs amis, mais ils avaient besoin que Mark et Alicia puissent prendre un bus scolaire depuis leur logement temporaire pour se rendre \u00e0 l&#039;\u00e9cole et en revenir. Cependant, le minist\u00e8re de l&#039;\u00c9ducation n&#039;a fourni aux parents que des cartes de m\u00e9tro pour emmener Mark et Alicia \u00e0 l&#039;\u00e9cole via les transports en commun. Malheureusement, cette solution a pos\u00e9 de nombreux probl\u00e8mes \u00e0 la famille car le p\u00e8re de Mark est en fauteuil roulant et leur petite s\u0153ur est m\u00e9dicalement fragile, ce qui rend impossible pour leur m\u00e8re de la quitter pour emmener Mark et Alicia \u00e0 l&#039;\u00e9cole et en revenir dans les transports en commun. .<\/span>\r\n\r\n<span style=\"font-weight: 400;\">Les parents ont appel\u00e9 Advocates for Children (AFC) et nous avons pu obtenir que la famille soit transf\u00e9r\u00e9e dans un refuge plus proche de l&#039;\u00e9cole des enfants. L&#039;AFC a \u00e9galement obtenu un service de transport scolaire par l&#039;interm\u00e9diaire du minist\u00e8re de l&#039;\u00c9ducation pour emmener Mark et Alicia \u00e0 l&#039;\u00e9cole tous les jours. Malgr\u00e9 la crise du logement dans la famille, Mark et Alicia n&#039;ont pas eu \u00e0 changer d&#039;\u00e9cole et ont pu continuer dans la m\u00eame \u00e9cole, entour\u00e9s de leurs pairs et d&#039;enseignants solidaires.<\/span>","":null,"settings":""}}],"relationships":{"":null,"topic":[22],"misc_topics":false},"misc":{"disable_sticky_helpbar":false,"search_results":{"":null,"excerpt":"","featured_image":""}},"component_slide":{"":null,"image":7618,"custom_tag":"","kicker":"Mark's Story","title":"Mark avait 10 ans lorsque sa famille a \u00e9t\u00e9 expuls\u00e9e de son domicile. Lorsqu&#039;ils ont \u00e9t\u00e9 plac\u00e9s dans un logement temporaire, c&#039;\u00e9tait dans un refuge loin de chez eux, et de l&#039;\u00e9cole que Mark et sa s\u0153ur Alicia fr\u00e9quentaient.","link_text":"Read the full story"}},"yoast_head":"<!-- This site is optimized with the Yoast SEO plugin v27.2 - https:\/\/yoast.com\/product\/yoast-seo-wordpress\/ -->\n<title>Mark&#039;s Story - Advocates for Children of New York<\/title>\n<meta name=\"robots\" content=\"index, follow, max-snippet:-1, max-image-preview:large, max-video-preview:-1\" \/>\n<link rel=\"canonical\" href=\"https:\/\/advocatesforchildren.org\/fr\/story\/marks-story\/\" \/>\n<meta property=\"og:locale\" content=\"fr_FR\" \/>\n<meta property=\"og:type\" content=\"article\" \/>\n<meta property=\"og:title\" content=\"Mark&#039;s Story - Advocates for Children of New York\" \/>\n<meta property=\"og:url\" content=\"https:\/\/advocatesforchildren.org\/fr\/story\/marks-story\/\" \/>\n<meta property=\"og:site_name\" content=\"Advocates for Children of New York\" \/>\n<meta property=\"article:publisher\" content=\"https:\/\/www.facebook.com\/AdvocatesforChildren\/\" \/>\n<meta property=\"article:modified_time\" content=\"2024-05-15T16:15:20+00:00\" \/>\n<meta property=\"og:image\" content=\"https:\/\/advocatesforchildren.org\/wp-content\/uploads\/2024\/03\/share.jpg\" \/>\n\t<meta property=\"og:image:width\" content=\"1200\" \/>\n\t<meta property=\"og:image:height\" content=\"630\" \/>\n\t<meta property=\"og:image:type\" content=\"image\/jpeg\" \/>\n<meta name=\"twitter:card\" content=\"summary_large_image\" \/>\n<meta name=\"twitter:site\" content=\"@AFCNewYork\" \/>\n<script type=\"application\/ld+json\" class=\"yoast-schema-graph\">{\"@context\":\"https:\/\/schema.org\",\"@graph\":[{\"@type\":\"WebPage\",\"@id\":\"https:\/\/advocatesforchildren.org\/story\/marks-story\/\",\"url\":\"https:\/\/advocatesforchildren.org\/story\/marks-story\/\",\"name\":\"Mark's Story - Advocates for Children of New York\",\"isPartOf\":{\"@id\":\"https:\/\/advocatesforchildren.org\/#website\"},\"datePublished\":\"2012-01-04T09:16:03+00:00\",\"dateModified\":\"2024-05-15T16:15:20+00:00\",\"breadcrumb\":{\"@id\":\"https:\/\/advocatesforchildren.org\/story\/marks-story\/#breadcrumb\"},\"inLanguage\":\"fr-FR\",\"potentialAction\":[{\"@type\":\"ReadAction\",\"target\":[\"https:\/\/advocatesforchildren.org\/story\/marks-story\/\"]}]},{\"@type\":\"BreadcrumbList\",\"@id\":\"https:\/\/advocatesforchildren.org\/story\/marks-story\/#breadcrumb\",\"itemListElement\":[{\"@type\":\"ListItem\",\"position\":1,\"name\":\"Home\",\"item\":\"https:\/\/advocatesforchildren.org\/\"},{\"@type\":\"ListItem\",\"position\":2,\"name\":\"Mark&#8217;s Story\"}]},{\"@type\":\"WebSite\",\"@id\":\"https:\/\/advocatesforchildren.org\/#website\",\"url\":\"https:\/\/advocatesforchildren.org\/\",\"name\":\"Advocates for Children of New York\",\"description\":\"\",\"publisher\":{\"@id\":\"https:\/\/advocatesforchildren.org\/#organization\"},\"potentialAction\":[{\"@type\":\"SearchAction\",\"target\":{\"@type\":\"EntryPoint\",\"urlTemplate\":\"https:\/\/advocatesforchildren.org\/?s={search_term_string}\"},\"query-input\":{\"@type\":\"PropertyValueSpecification\",\"valueRequired\":true,\"valueName\":\"search_term_string\"}}],\"inLanguage\":\"fr-FR\"},{\"@type\":\"Organization\",\"@id\":\"https:\/\/advocatesforchildren.org\/#organization\",\"name\":\"Advocates for Children of New York\",\"url\":\"https:\/\/advocatesforchildren.org\/\",\"logo\":{\"@type\":\"ImageObject\",\"inLanguage\":\"fr-FR\",\"@id\":\"https:\/\/advocatesforchildren.org\/#\/schema\/logo\/image\/\",\"url\":\"https:\/\/advocatesforchildren.org\/wp-content\/uploads\/2024\/03\/afc-logo.png\",\"contentUrl\":\"https:\/\/advocatesforchildren.org\/wp-content\/uploads\/2024\/03\/afc-logo.png\",\"width\":696,\"height\":696,\"caption\":\"Advocates for Children of New York\"},\"image\":{\"@id\":\"https:\/\/advocatesforchildren.org\/#\/schema\/logo\/image\/\"},\"sameAs\":[\"https:\/\/www.facebook.com\/AdvocatesforChildren\/\",\"https:\/\/x.com\/AFCNewYork\"]}]}<\/script>\n<!-- \/ Yoast SEO plugin. -->","yoast_head_json":{"title":"Mark's Story - Advocates for Children of New York","robots":{"index":"index","follow":"follow","max-snippet":"max-snippet:-1","max-image-preview":"max-image-preview:large","max-video-preview":"max-video-preview:-1"},"canonical":"https:\/\/advocatesforchildren.org\/fr\/story\/marks-story\/","og_locale":"fr_FR","og_type":"article","og_title":"Mark's Story - Advocates for Children of New York","og_url":"https:\/\/advocatesforchildren.org\/fr\/story\/marks-story\/","og_site_name":"Advocates for Children of New York","article_publisher":"https:\/\/www.facebook.com\/AdvocatesforChildren\/","article_modified_time":"2024-05-15T16:15:20+00:00","og_image":[{"width":1200,"height":630,"url":"https:\/\/advocatesforchildren.org\/wp-content\/uploads\/2024\/03\/share.jpg","type":"image\/jpeg"}],"twitter_card":"summary_large_image","twitter_site":"@AFCNewYork","schema":{"@context":"https:\/\/schema.org","@graph":[{"@type":"WebPage","@id":"https:\/\/advocatesforchildren.org\/story\/marks-story\/","url":"https:\/\/advocatesforchildren.org\/story\/marks-story\/","name":"Mark's Story - Advocates for Children of New York","isPartOf":{"@id":"https:\/\/advocatesforchildren.org\/#website"},"datePublished":"2012-01-04T09:16:03+00:00","dateModified":"2024-05-15T16:15:20+00:00","breadcrumb":{"@id":"https:\/\/advocatesforchildren.org\/story\/marks-story\/#breadcrumb"},"inLanguage":"fr-FR","potentialAction":[{"@type":"ReadAction","target":["https:\/\/advocatesforchildren.org\/story\/marks-story\/"]}]},{"@type":"BreadcrumbList","@id":"https:\/\/advocatesforchildren.org\/story\/marks-story\/#breadcrumb","itemListElement":[{"@type":"ListItem","position":1,"name":"Home","item":"https:\/\/advocatesforchildren.org\/"},{"@type":"ListItem","position":2,"name":"Mark&#8217;s Story"}]},{"@type":"WebSite","@id":"https:\/\/advocatesforchildren.org\/#website","url":"https:\/\/advocatesforchildren.org\/","name":"D\u00e9fenseurs des enfants de New York","description":"","publisher":{"@id":"https:\/\/advocatesforchildren.org\/#organization"},"potentialAction":[{"@type":"SearchAction","target":{"@type":"EntryPoint","urlTemplate":"https:\/\/advocatesforchildren.org\/?s={search_term_string}"},"query-input":{"@type":"PropertyValueSpecification","valueRequired":true,"valueName":"search_term_string"}}],"inLanguage":"fr-FR"},{"@type":"Organization","@id":"https:\/\/advocatesforchildren.org\/#organization","name":"D\u00e9fenseurs des enfants de New York","url":"https:\/\/advocatesforchildren.org\/","logo":{"@type":"ImageObject","inLanguage":"fr-FR","@id":"https:\/\/advocatesforchildren.org\/#\/schema\/logo\/image\/","url":"https:\/\/advocatesforchildren.org\/wp-content\/uploads\/2024\/03\/afc-logo.png","contentUrl":"https:\/\/advocatesforchildren.org\/wp-content\/uploads\/2024\/03\/afc-logo.png","width":696,"height":696,"caption":"Advocates for Children of New York"},"image":{"@id":"https:\/\/advocatesforchildren.org\/#\/schema\/logo\/image\/"},"sameAs":["https:\/\/www.facebook.com\/AdvocatesforChildren\/","https:\/\/x.com\/AFCNewYork"]}]}},"_links":{"self":[{"href":"https:\/\/advocatesforchildren.org\/fr\/wp-json\/wp\/v2\/story\/590","targetHints":{"allow":["GET"]}}],"collection":[{"href":"https:\/\/advocatesforchildren.org\/fr\/wp-json\/wp\/v2\/story"}],"about":[{"href":"https:\/\/advocatesforchildren.org\/fr\/wp-json\/wp\/v2\/types\/story"}],"version-history":[{"count":0,"href":"https:\/\/advocatesforchildren.org\/fr\/wp-json\/wp\/v2\/story\/590\/revisions"}],"wp:attachment":[{"href":"https:\/\/advocatesforchildren.org\/fr\/wp-json\/wp\/v2\/media?parent=590"}],"curies":[{"name":"wp","href":"https:\/\/api.w.org\/{rel}","templated":true}]}}