{"id":588,"date":"2012-01-04T09:12:34","date_gmt":"2012-01-04T09:12:34","guid":{"rendered":"https:\/\/advocatesforchildren.org\/story\/geoffs-story\/"},"modified":"2024-05-15T12:15:59","modified_gmt":"2024-05-15T16:15:59","slug":"geoffs-story","status":"publish","type":"story","link":"https:\/\/advocatesforchildren.org\/fr\/story\/geoffs-story\/","title":{"rendered":"L&#039;histoire de Geoff"},"template":"","class_list":["post-588","story","type-story","status-publish","hentry","topic_tax-court-involved-youth","topic_tax-discipline"],"acf":{"component_hero":{"variant":"solid","":null,"subheader":"","button":"","image":""},"page_layout":[{"acf_fc_layout":"layout_wysiwyg","_acfe_flexible_toggle":"","component_wysiwyg":{"content":"<span style=\"font-weight: 400;\">Geoff avait une vie familiale instable depuis qu&#039;il \u00e9tait un jeune enfant. Son p\u00e8re a \u00e9t\u00e9 assassin\u00e9 et sa m\u00e8re \u00e9tait incapable de prendre soin de lui de mani\u00e8re ad\u00e9quate, il devait donc souvent se d\u00e9brouiller tout seul. Malheureusement, il a commenc\u00e9 \u00e0 fr\u00e9quenter le mauvais public. Les gar\u00e7ons du groupe, dont Geoff, ont finalement \u00e9t\u00e9 arr\u00eat\u00e9s pour avoir vol\u00e9 un t\u00e9l\u00e9phone portable.\u00a0<\/span>\r\n\r\n<span style=\"font-weight: 400;\">En attendant sa condamnation et en probation, Geoff a v\u00e9cu avec sa grand-m\u00e8re et a commenc\u00e9 \u00e0 changer de vie. Il fr\u00e9quentait l&#039;\u00e9cole plus r\u00e9guli\u00e8rement et jouait m\u00eame aux \u00e9checs avec son conseiller d&#039;orientation. Le tribunal a continu\u00e9 \u00e0 le surveiller ; il a trouv\u00e9 un emploi d&#039;\u00e9t\u00e9, jouait au basket-ball en comp\u00e9tition et a bien r\u00e9ussi dans un programme artistique local.\u00a0<\/span>\r\n\r\n<span style=\"font-weight: 400;\">L&#039;AFC a travaill\u00e9 de mani\u00e8re agressive avec l&#039;avocat de la d\u00e9fense p\u00e9nale de Geoff pour persuader l&#039;accusation de ne pas condamner Geoff \u00e0 la prison, mais plut\u00f4t de lui permettre de fr\u00e9quenter une \u00e9cole sp\u00e9cialis\u00e9e. Pour faciliter cette option, l&#039;AFC a identifi\u00e9 et obtenu l&#039;admission de Geoff dans un pensionnat sp\u00e9cialis\u00e9 dans l&#039;aide aux enfants ayant des besoins \u00e9motionnels dans le comt\u00e9 de Westchester. Travaillant en tandem, l&#039;avocat de l&#039;AFC et l&#039;avocat commis d&#039;office de Geoff ont convaincu le tribunal de ne pas condamner Geoff \u00e0 une peine de prison, mais de l&#039;inscrire dans le programme r\u00e9sidentiel et de lui donner la chance d&#039;avoir un avenir et de poursuivre ses r\u00eaves.\u00a0\u00a0<\/span>\r\n\r\n<span style=\"font-weight: 400;\">Geoff fr\u00e9quente maintenant sa nouvelle \u00e9cole et s&#039;\u00e9panouit. Il se concentre particuli\u00e8rement sur le maintien de bonnes notes afin de rester dans l&#039;\u00e9quipe de basket-ball. Il s&#039;est fait de nouveaux amis qui l&#039;influencent de mani\u00e8re positive, et sa grand-m\u00e8re d\u00e9crit comment un tout nouveau monde s&#039;est ouvert pour lui et qu&#039;il parle de \u00ab choses dont il n&#039;avait jamais parl\u00e9 auparavant \u00bb.<\/span>","":null,"settings":""}}],"relationships":{"":null,"topic":[26,24],"misc_topics":false},"misc":{"disable_sticky_helpbar":false,"search_results":{"":null,"excerpt":"","featured_image":""}},"component_slide":{"":null,"image":8490,"custom_tag":"","kicker":"Geoff's Story","title":"Travaillant en tandem, l&#039;avocat de l&#039;AFC et l&#039;avocat commis d&#039;office de Geoff ont convaincu le tribunal de ne pas condamner Geoff \u00e0 une peine de prison, mais de l&#039;inscrire dans le programme r\u00e9sidentiel et de lui donner la chance d&#039;avoir un avenir et de poursuivre ses r\u00eaves.\u00a0\u00a0","link_text":"Read the full story"}},"yoast_head":"<!-- This site is optimized with the Yoast SEO plugin v27.2 - https:\/\/yoast.com\/product\/yoast-seo-wordpress\/ -->\n<title>Geoff&#039;s Story - Advocates for Children of New York<\/title>\n<meta name=\"robots\" content=\"index, follow, max-snippet:-1, max-image-preview:large, max-video-preview:-1\" \/>\n<link rel=\"canonical\" href=\"https:\/\/advocatesforchildren.org\/fr\/story\/geoffs-story\/\" \/>\n<meta property=\"og:locale\" content=\"fr_FR\" \/>\n<meta property=\"og:type\" content=\"article\" \/>\n<meta property=\"og:title\" content=\"Geoff&#039;s Story - Advocates for Children of New York\" \/>\n<meta property=\"og:url\" content=\"https:\/\/advocatesforchildren.org\/fr\/story\/geoffs-story\/\" \/>\n<meta property=\"og:site_name\" content=\"Advocates for Children of New York\" \/>\n<meta property=\"article:publisher\" content=\"https:\/\/www.facebook.com\/AdvocatesforChildren\/\" \/>\n<meta property=\"article:modified_time\" content=\"2024-05-15T16:15:59+00:00\" \/>\n<meta property=\"og:image\" content=\"https:\/\/advocatesforchildren.org\/wp-content\/uploads\/2024\/03\/share.jpg\" \/>\n\t<meta property=\"og:image:width\" content=\"1200\" \/>\n\t<meta property=\"og:image:height\" content=\"630\" \/>\n\t<meta property=\"og:image:type\" content=\"image\/jpeg\" \/>\n<meta name=\"twitter:card\" content=\"summary_large_image\" \/>\n<meta name=\"twitter:site\" content=\"@AFCNewYork\" \/>\n<script type=\"application\/ld+json\" class=\"yoast-schema-graph\">{\"@context\":\"https:\/\/schema.org\",\"@graph\":[{\"@type\":\"WebPage\",\"@id\":\"https:\/\/advocatesforchildren.org\/story\/geoffs-story\/\",\"url\":\"https:\/\/advocatesforchildren.org\/story\/geoffs-story\/\",\"name\":\"Geoff's Story - Advocates for Children of New York\",\"isPartOf\":{\"@id\":\"https:\/\/advocatesforchildren.org\/#website\"},\"datePublished\":\"2012-01-04T09:12:34+00:00\",\"dateModified\":\"2024-05-15T16:15:59+00:00\",\"breadcrumb\":{\"@id\":\"https:\/\/advocatesforchildren.org\/story\/geoffs-story\/#breadcrumb\"},\"inLanguage\":\"fr-FR\",\"potentialAction\":[{\"@type\":\"ReadAction\",\"target\":[\"https:\/\/advocatesforchildren.org\/story\/geoffs-story\/\"]}]},{\"@type\":\"BreadcrumbList\",\"@id\":\"https:\/\/advocatesforchildren.org\/story\/geoffs-story\/#breadcrumb\",\"itemListElement\":[{\"@type\":\"ListItem\",\"position\":1,\"name\":\"Home\",\"item\":\"https:\/\/advocatesforchildren.org\/\"},{\"@type\":\"ListItem\",\"position\":2,\"name\":\"Geoff&#8217;s Story\"}]},{\"@type\":\"WebSite\",\"@id\":\"https:\/\/advocatesforchildren.org\/#website\",\"url\":\"https:\/\/advocatesforchildren.org\/\",\"name\":\"Advocates for Children of New York\",\"description\":\"\",\"publisher\":{\"@id\":\"https:\/\/advocatesforchildren.org\/#organization\"},\"potentialAction\":[{\"@type\":\"SearchAction\",\"target\":{\"@type\":\"EntryPoint\",\"urlTemplate\":\"https:\/\/advocatesforchildren.org\/?s={search_term_string}\"},\"query-input\":{\"@type\":\"PropertyValueSpecification\",\"valueRequired\":true,\"valueName\":\"search_term_string\"}}],\"inLanguage\":\"fr-FR\"},{\"@type\":\"Organization\",\"@id\":\"https:\/\/advocatesforchildren.org\/#organization\",\"name\":\"Advocates for Children of New York\",\"url\":\"https:\/\/advocatesforchildren.org\/\",\"logo\":{\"@type\":\"ImageObject\",\"inLanguage\":\"fr-FR\",\"@id\":\"https:\/\/advocatesforchildren.org\/#\/schema\/logo\/image\/\",\"url\":\"https:\/\/advocatesforchildren.org\/wp-content\/uploads\/2024\/03\/afc-logo.png\",\"contentUrl\":\"https:\/\/advocatesforchildren.org\/wp-content\/uploads\/2024\/03\/afc-logo.png\",\"width\":696,\"height\":696,\"caption\":\"Advocates for Children of New York\"},\"image\":{\"@id\":\"https:\/\/advocatesforchildren.org\/#\/schema\/logo\/image\/\"},\"sameAs\":[\"https:\/\/www.facebook.com\/AdvocatesforChildren\/\",\"https:\/\/x.com\/AFCNewYork\"]}]}<\/script>\n<!-- \/ Yoast SEO plugin. -->","yoast_head_json":{"title":"Geoff's Story - Advocates for Children of New York","robots":{"index":"index","follow":"follow","max-snippet":"max-snippet:-1","max-image-preview":"max-image-preview:large","max-video-preview":"max-video-preview:-1"},"canonical":"https:\/\/advocatesforchildren.org\/fr\/story\/geoffs-story\/","og_locale":"fr_FR","og_type":"article","og_title":"Geoff's Story - Advocates for Children of New York","og_url":"https:\/\/advocatesforchildren.org\/fr\/story\/geoffs-story\/","og_site_name":"Advocates for Children of New York","article_publisher":"https:\/\/www.facebook.com\/AdvocatesforChildren\/","article_modified_time":"2024-05-15T16:15:59+00:00","og_image":[{"width":1200,"height":630,"url":"https:\/\/advocatesforchildren.org\/wp-content\/uploads\/2024\/03\/share.jpg","type":"image\/jpeg"}],"twitter_card":"summary_large_image","twitter_site":"@AFCNewYork","schema":{"@context":"https:\/\/schema.org","@graph":[{"@type":"WebPage","@id":"https:\/\/advocatesforchildren.org\/story\/geoffs-story\/","url":"https:\/\/advocatesforchildren.org\/story\/geoffs-story\/","name":"Geoff's Story - Advocates for Children of New York","isPartOf":{"@id":"https:\/\/advocatesforchildren.org\/#website"},"datePublished":"2012-01-04T09:12:34+00:00","dateModified":"2024-05-15T16:15:59+00:00","breadcrumb":{"@id":"https:\/\/advocatesforchildren.org\/story\/geoffs-story\/#breadcrumb"},"inLanguage":"fr-FR","potentialAction":[{"@type":"ReadAction","target":["https:\/\/advocatesforchildren.org\/story\/geoffs-story\/"]}]},{"@type":"BreadcrumbList","@id":"https:\/\/advocatesforchildren.org\/story\/geoffs-story\/#breadcrumb","itemListElement":[{"@type":"ListItem","position":1,"name":"Home","item":"https:\/\/advocatesforchildren.org\/"},{"@type":"ListItem","position":2,"name":"Geoff&#8217;s Story"}]},{"@type":"WebSite","@id":"https:\/\/advocatesforchildren.org\/#website","url":"https:\/\/advocatesforchildren.org\/","name":"D\u00e9fenseurs des enfants de New York","description":"","publisher":{"@id":"https:\/\/advocatesforchildren.org\/#organization"},"potentialAction":[{"@type":"SearchAction","target":{"@type":"EntryPoint","urlTemplate":"https:\/\/advocatesforchildren.org\/?s={search_term_string}"},"query-input":{"@type":"PropertyValueSpecification","valueRequired":true,"valueName":"search_term_string"}}],"inLanguage":"fr-FR"},{"@type":"Organization","@id":"https:\/\/advocatesforchildren.org\/#organization","name":"D\u00e9fenseurs des enfants de New York","url":"https:\/\/advocatesforchildren.org\/","logo":{"@type":"ImageObject","inLanguage":"fr-FR","@id":"https:\/\/advocatesforchildren.org\/#\/schema\/logo\/image\/","url":"https:\/\/advocatesforchildren.org\/wp-content\/uploads\/2024\/03\/afc-logo.png","contentUrl":"https:\/\/advocatesforchildren.org\/wp-content\/uploads\/2024\/03\/afc-logo.png","width":696,"height":696,"caption":"Advocates for Children of New York"},"image":{"@id":"https:\/\/advocatesforchildren.org\/#\/schema\/logo\/image\/"},"sameAs":["https:\/\/www.facebook.com\/AdvocatesforChildren\/","https:\/\/x.com\/AFCNewYork"]}]}},"_links":{"self":[{"href":"https:\/\/advocatesforchildren.org\/fr\/wp-json\/wp\/v2\/story\/588","targetHints":{"allow":["GET"]}}],"collection":[{"href":"https:\/\/advocatesforchildren.org\/fr\/wp-json\/wp\/v2\/story"}],"about":[{"href":"https:\/\/advocatesforchildren.org\/fr\/wp-json\/wp\/v2\/types\/story"}],"version-history":[{"count":0,"href":"https:\/\/advocatesforchildren.org\/fr\/wp-json\/wp\/v2\/story\/588\/revisions"}],"wp:attachment":[{"href":"https:\/\/advocatesforchildren.org\/fr\/wp-json\/wp\/v2\/media?parent=588"}],"curies":[{"name":"wp","href":"https:\/\/api.w.org\/{rel}","templated":true}]}}