{"id":3068,"date":"2017-10-02T12:43:36","date_gmt":"2017-10-02T12:43:36","guid":{"rendered":"https:\/\/advocatesforchildren.org\/articles\/schools-response-to-bullying-is-questioned-after-fatal-school-stabbing\/"},"modified":"2024-04-09T15:48:35","modified_gmt":"2024-04-09T19:48:35","slug":"schools-response-to-bullying-is-questioned-after-fatal-school-stabbing","status":"publish","type":"article","link":"https:\/\/advocatesforchildren.org\/fr\/articles\/schools-response-to-bullying-is-questioned-after-fatal-school-stabbing\/","title":{"rendered":"La r\u00e9ponse des \u00e9coles \u00e0 l'intimidation remise en question apr\u00e8s une agression mortelle dans une \u00e9cole"},"template":"","class_list":["post-3068","article","type-article","status-publish","hentry","article_type-afc-in-the-news","topic_tax-discipline","misc_topic-general-education"],"acf":{"component_standard_hero":{"":null,"excerpt":"","short_description":"","button":{"":null,"link_type":"off","page":null,"file":null,"title":""},"image":null,"disable_share_icons":false},"page_layout":[{"acf_fc_layout":"layout_wysiwyg","_acfe_flexible_toggle":null,"component_wysiwyg":{"content":"<p>09.29.2017 | Chalkbeat New York | Les \u00e9coles omettent parfois de saisir les signalements de harc\u00e8lement dans une base de donn\u00e9es du d\u00e9partement de l'\u00e9ducation qui d\u00e9clenche un processus de r\u00e9ponse \u00e0 ces all\u00e9gations, selon Dawn Yuster, directrice du School Justice Project chez Advocates for Children of New York, un groupe qui soutient les \u00e9l\u00e8ves victimes de harc\u00e8lement. Elle a d\u00e9clar\u00e9 que certaines familles de ses clients s'\u00e9taient adress\u00e9es \u00e0 plusieurs reprises au personnel scolaire avec des all\u00e9gations de harc\u00e8lement, sans succ\u00e8s. \u2019 Il n'y avait aucune documentation jusqu'\u00e0 ce que nous intervenions \u201c, a-t-elle d\u00e9clar\u00e9. Yuster a attribu\u00e9 l'\u00e9chec de certaines \u00e9coles \u00e0 documenter ou \u00e0 r\u00e9agir avec fermet\u00e9 face au harc\u00e8lement, en partie \u00e0 l'incertitude du personnel quant \u00e0 ce qui constitue du harc\u00e8lement et \u00e0 la meilleure fa\u00e7on d'y r\u00e9agir. Dans d'autres cas, les enseignants et les administrateurs peuvent simplement \u00eatre d\u00e9bord\u00e9s. \u201d Je ne pense pas que ce soit une r\u00e9ticence \u2019, a-t-elle d\u00e9clar\u00e9. \u2019 Je pense que c'est plut\u00f4t une question de ressources, de connaissances, d'exp\u00e9rience et de formation. \u201c <a href=\"https:\/\/www.chalkbeat.org\/posts\/ny\/2017\/09\/29\/schools-response-to-bullying-is-questioned-after-fatal-school-stabbing\/\" target=\"_blank\"><em>Lire l&#039;article<\/em><\/a><\/p>","":null,"settings":[]}}],"relationships":{"":null,"article_type":[83],"topics":[24],"misc_topics":[193]},"misc":{"search_results":{"":null,"excerpt":"","featured_image":""}}},"yoast_head":"<!-- This site is optimized with the Yoast SEO plugin v27.2 - https:\/\/yoast.com\/product\/yoast-seo-wordpress\/ -->\n<title>Schools\u2019 response to bullying is questioned after fatal school stabbing - Advocates for Children of New York<\/title>\n<meta name=\"robots\" content=\"index, follow, max-snippet:-1, max-image-preview:large, max-video-preview:-1\" \/>\n<link rel=\"canonical\" href=\"https:\/\/advocatesforchildren.org\/fr\/articles\/schools-response-to-bullying-is-questioned-after-fatal-school-stabbing\/\" \/>\n<meta property=\"og:locale\" content=\"fr_FR\" \/>\n<meta property=\"og:type\" content=\"article\" \/>\n<meta property=\"og:title\" content=\"Schools\u2019 response to bullying is questioned after fatal school stabbing - Advocates for Children of New York\" \/>\n<meta property=\"og:url\" content=\"https:\/\/advocatesforchildren.org\/fr\/articles\/schools-response-to-bullying-is-questioned-after-fatal-school-stabbing\/\" \/>\n<meta property=\"og:site_name\" content=\"Advocates for Children of New York\" \/>\n<meta property=\"article:publisher\" content=\"https:\/\/www.facebook.com\/AdvocatesforChildren\/\" \/>\n<meta property=\"article:modified_time\" content=\"2024-04-09T19:48:35+00:00\" \/>\n<meta property=\"og:image\" content=\"https:\/\/advocatesforchildren.org\/wp-content\/uploads\/2024\/03\/share.jpg\" \/>\n\t<meta property=\"og:image:width\" content=\"1200\" \/>\n\t<meta property=\"og:image:height\" content=\"630\" \/>\n\t<meta property=\"og:image:type\" content=\"image\/jpeg\" \/>\n<meta name=\"twitter:card\" content=\"summary_large_image\" \/>\n<meta name=\"twitter:site\" content=\"@AFCNewYork\" \/>\n<script type=\"application\/ld+json\" class=\"yoast-schema-graph\">{\"@context\":\"https:\/\/schema.org\",\"@graph\":[{\"@type\":\"WebPage\",\"@id\":\"https:\/\/advocatesforchildren.org\/articles\/schools-response-to-bullying-is-questioned-after-fatal-school-stabbing\/\",\"url\":\"https:\/\/advocatesforchildren.org\/articles\/schools-response-to-bullying-is-questioned-after-fatal-school-stabbing\/\",\"name\":\"Schools\u2019 response to bullying is questioned after fatal school stabbing - Advocates for Children of New York\",\"isPartOf\":{\"@id\":\"https:\/\/advocatesforchildren.org\/#website\"},\"datePublished\":\"2017-10-02T12:43:36+00:00\",\"dateModified\":\"2024-04-09T19:48:35+00:00\",\"breadcrumb\":{\"@id\":\"https:\/\/advocatesforchildren.org\/articles\/schools-response-to-bullying-is-questioned-after-fatal-school-stabbing\/#breadcrumb\"},\"inLanguage\":\"fr-FR\",\"potentialAction\":[{\"@type\":\"ReadAction\",\"target\":[\"https:\/\/advocatesforchildren.org\/articles\/schools-response-to-bullying-is-questioned-after-fatal-school-stabbing\/\"]}]},{\"@type\":\"BreadcrumbList\",\"@id\":\"https:\/\/advocatesforchildren.org\/articles\/schools-response-to-bullying-is-questioned-after-fatal-school-stabbing\/#breadcrumb\",\"itemListElement\":[{\"@type\":\"ListItem\",\"position\":1,\"name\":\"Home\",\"item\":\"https:\/\/advocatesforchildren.org\/\"},{\"@type\":\"ListItem\",\"position\":2,\"name\":\"Schools\u2019 response to bullying is questioned after fatal school stabbing\"}]},{\"@type\":\"WebSite\",\"@id\":\"https:\/\/advocatesforchildren.org\/#website\",\"url\":\"https:\/\/advocatesforchildren.org\/\",\"name\":\"Advocates for Children of New York\",\"description\":\"\",\"publisher\":{\"@id\":\"https:\/\/advocatesforchildren.org\/#organization\"},\"potentialAction\":[{\"@type\":\"SearchAction\",\"target\":{\"@type\":\"EntryPoint\",\"urlTemplate\":\"https:\/\/advocatesforchildren.org\/?s={search_term_string}\"},\"query-input\":{\"@type\":\"PropertyValueSpecification\",\"valueRequired\":true,\"valueName\":\"search_term_string\"}}],\"inLanguage\":\"fr-FR\"},{\"@type\":\"Organization\",\"@id\":\"https:\/\/advocatesforchildren.org\/#organization\",\"name\":\"Advocates for Children of New York\",\"url\":\"https:\/\/advocatesforchildren.org\/\",\"logo\":{\"@type\":\"ImageObject\",\"inLanguage\":\"fr-FR\",\"@id\":\"https:\/\/advocatesforchildren.org\/#\/schema\/logo\/image\/\",\"url\":\"https:\/\/advocatesforchildren.org\/wp-content\/uploads\/2024\/03\/afc-logo.png\",\"contentUrl\":\"https:\/\/advocatesforchildren.org\/wp-content\/uploads\/2024\/03\/afc-logo.png\",\"width\":696,\"height\":696,\"caption\":\"Advocates for Children of New York\"},\"image\":{\"@id\":\"https:\/\/advocatesforchildren.org\/#\/schema\/logo\/image\/\"},\"sameAs\":[\"https:\/\/www.facebook.com\/AdvocatesforChildren\/\",\"https:\/\/x.com\/AFCNewYork\"]}]}<\/script>\n<!-- \/ Yoast SEO plugin. -->","yoast_head_json":{"title":"Schools\u2019 response to bullying is questioned after fatal school stabbing - Advocates for Children of New York","robots":{"index":"index","follow":"follow","max-snippet":"max-snippet:-1","max-image-preview":"max-image-preview:large","max-video-preview":"max-video-preview:-1"},"canonical":"https:\/\/advocatesforchildren.org\/fr\/articles\/schools-response-to-bullying-is-questioned-after-fatal-school-stabbing\/","og_locale":"fr_FR","og_type":"article","og_title":"Schools\u2019 response to bullying is questioned after fatal school stabbing - Advocates for Children of New York","og_url":"https:\/\/advocatesforchildren.org\/fr\/articles\/schools-response-to-bullying-is-questioned-after-fatal-school-stabbing\/","og_site_name":"Advocates for Children of New York","article_publisher":"https:\/\/www.facebook.com\/AdvocatesforChildren\/","article_modified_time":"2024-04-09T19:48:35+00:00","og_image":[{"width":1200,"height":630,"url":"https:\/\/advocatesforchildren.org\/wp-content\/uploads\/2024\/03\/share.jpg","type":"image\/jpeg"}],"twitter_card":"summary_large_image","twitter_site":"@AFCNewYork","schema":{"@context":"https:\/\/schema.org","@graph":[{"@type":"WebPage","@id":"https:\/\/advocatesforchildren.org\/articles\/schools-response-to-bullying-is-questioned-after-fatal-school-stabbing\/","url":"https:\/\/advocatesforchildren.org\/articles\/schools-response-to-bullying-is-questioned-after-fatal-school-stabbing\/","name":"Schools\u2019 response to bullying is questioned after fatal school stabbing - Advocates for Children of New York","isPartOf":{"@id":"https:\/\/advocatesforchildren.org\/#website"},"datePublished":"2017-10-02T12:43:36+00:00","dateModified":"2024-04-09T19:48:35+00:00","breadcrumb":{"@id":"https:\/\/advocatesforchildren.org\/articles\/schools-response-to-bullying-is-questioned-after-fatal-school-stabbing\/#breadcrumb"},"inLanguage":"fr-FR","potentialAction":[{"@type":"ReadAction","target":["https:\/\/advocatesforchildren.org\/articles\/schools-response-to-bullying-is-questioned-after-fatal-school-stabbing\/"]}]},{"@type":"BreadcrumbList","@id":"https:\/\/advocatesforchildren.org\/articles\/schools-response-to-bullying-is-questioned-after-fatal-school-stabbing\/#breadcrumb","itemListElement":[{"@type":"ListItem","position":1,"name":"Home","item":"https:\/\/advocatesforchildren.org\/"},{"@type":"ListItem","position":2,"name":"Schools\u2019 response to bullying is questioned after fatal school stabbing"}]},{"@type":"WebSite","@id":"https:\/\/advocatesforchildren.org\/#website","url":"https:\/\/advocatesforchildren.org\/","name":"D\u00e9fenseurs des enfants de New York","description":"","publisher":{"@id":"https:\/\/advocatesforchildren.org\/#organization"},"potentialAction":[{"@type":"SearchAction","target":{"@type":"EntryPoint","urlTemplate":"https:\/\/advocatesforchildren.org\/?s={search_term_string}"},"query-input":{"@type":"PropertyValueSpecification","valueRequired":true,"valueName":"search_term_string"}}],"inLanguage":"fr-FR"},{"@type":"Organization","@id":"https:\/\/advocatesforchildren.org\/#organization","name":"D\u00e9fenseurs des enfants de New York","url":"https:\/\/advocatesforchildren.org\/","logo":{"@type":"ImageObject","inLanguage":"fr-FR","@id":"https:\/\/advocatesforchildren.org\/#\/schema\/logo\/image\/","url":"https:\/\/advocatesforchildren.org\/wp-content\/uploads\/2024\/03\/afc-logo.png","contentUrl":"https:\/\/advocatesforchildren.org\/wp-content\/uploads\/2024\/03\/afc-logo.png","width":696,"height":696,"caption":"Advocates for Children of New York"},"image":{"@id":"https:\/\/advocatesforchildren.org\/#\/schema\/logo\/image\/"},"sameAs":["https:\/\/www.facebook.com\/AdvocatesforChildren\/","https:\/\/x.com\/AFCNewYork"]}]}},"_links":{"self":[{"href":"https:\/\/advocatesforchildren.org\/fr\/wp-json\/wp\/v2\/article\/3068","targetHints":{"allow":["GET"]}}],"collection":[{"href":"https:\/\/advocatesforchildren.org\/fr\/wp-json\/wp\/v2\/article"}],"about":[{"href":"https:\/\/advocatesforchildren.org\/fr\/wp-json\/wp\/v2\/types\/article"}],"version-history":[{"count":0,"href":"https:\/\/advocatesforchildren.org\/fr\/wp-json\/wp\/v2\/article\/3068\/revisions"}],"wp:attachment":[{"href":"https:\/\/advocatesforchildren.org\/fr\/wp-json\/wp\/v2\/media?parent=3068"}],"curies":[{"name":"wp","href":"https:\/\/api.w.org\/{rel}","templated":true}]}}