{"id":2837,"date":"2014-10-23T09:44:10","date_gmt":"2014-10-23T09:44:10","guid":{"rendered":"https:\/\/advocatesforchildren.org\/articles\/city-council-members-to-push-city-to-release-more-special-ed-stats\/"},"modified":"2024-04-09T15:54:58","modified_gmt":"2024-04-09T19:54:58","slug":"city-council-members-to-push-city-to-release-more-special-ed-stats","status":"publish","type":"article","link":"https:\/\/advocatesforchildren.org\/fr\/articles\/city-council-members-to-push-city-to-release-more-special-ed-stats\/","title":{"rendered":"Les membres du conseil municipal demandent \u00e0 la ville de publier davantage de statistiques sur l'\u00e9ducation sp\u00e9cialis\u00e9e"},"template":"","class_list":["post-2837","article","type-article","status-publish","hentry","article_type-afc-in-the-news","topic_tax-students-with-disabilities","misc_topic-special-education"],"acf":{"component_standard_hero":{"":null,"excerpt":"","short_description":"","button":{"":null,"link_type":"off","page":null,"file":null,"title":""},"image":null,"disable_share_icons":false},"page_layout":[{"acf_fc_layout":"layout_wysiwyg","_acfe_flexible_toggle":null,"component_wysiwyg":{"content":"<p>10.22.2014 | Chalkbeat New York | Advocates for Children of New York Executive Director Kim Sweet said her organization would lend its support to the bill, which she said could spur improvements to services for city students, when it is discussed next week. \u201cWe will be testifying in support of the effort to make public the delays in service provision and to hold the DOE accountable for those delays,\u201d Sweet said. <a href=\"http:\/\/ny.chalkbeat.org\/2014\/10\/22\/city-council-members-to-push-city-to-release-more-special-ed-stats\/#.VEkTlildVCe\" target=\"_blank\"><em>Lire l&#039;article<\/em><\/a><\/p>","":null,"settings":[]}}],"relationships":{"":null,"article_type":[83],"topics":[28],"misc_topics":[198]},"misc":{"search_results":{"":null,"excerpt":"","featured_image":""}}},"yoast_head":"<!-- This site is optimized with the Yoast SEO plugin v27.2 - https:\/\/yoast.com\/product\/yoast-seo-wordpress\/ -->\n<title>City Council members to push city to release more special-ed stats - Advocates for Children of New York<\/title>\n<meta name=\"robots\" content=\"index, follow, max-snippet:-1, max-image-preview:large, max-video-preview:-1\" \/>\n<link rel=\"canonical\" href=\"https:\/\/advocatesforchildren.org\/fr\/articles\/city-council-members-to-push-city-to-release-more-special-ed-stats\/\" \/>\n<meta property=\"og:locale\" content=\"fr_FR\" \/>\n<meta property=\"og:type\" content=\"article\" \/>\n<meta property=\"og:title\" content=\"City Council members to push city to release more special-ed stats - Advocates for Children of New York\" \/>\n<meta property=\"og:url\" content=\"https:\/\/advocatesforchildren.org\/fr\/articles\/city-council-members-to-push-city-to-release-more-special-ed-stats\/\" \/>\n<meta property=\"og:site_name\" content=\"Advocates for Children of New York\" \/>\n<meta property=\"article:publisher\" content=\"https:\/\/www.facebook.com\/AdvocatesforChildren\/\" \/>\n<meta property=\"article:modified_time\" content=\"2024-04-09T19:54:58+00:00\" \/>\n<meta property=\"og:image\" content=\"https:\/\/advocatesforchildren.org\/wp-content\/uploads\/2024\/03\/share.jpg\" \/>\n\t<meta property=\"og:image:width\" content=\"1200\" \/>\n\t<meta property=\"og:image:height\" content=\"630\" \/>\n\t<meta property=\"og:image:type\" content=\"image\/jpeg\" \/>\n<meta name=\"twitter:card\" content=\"summary_large_image\" \/>\n<meta name=\"twitter:site\" content=\"@AFCNewYork\" \/>\n<script type=\"application\/ld+json\" class=\"yoast-schema-graph\">{\"@context\":\"https:\/\/schema.org\",\"@graph\":[{\"@type\":\"WebPage\",\"@id\":\"https:\/\/advocatesforchildren.org\/articles\/city-council-members-to-push-city-to-release-more-special-ed-stats\/\",\"url\":\"https:\/\/advocatesforchildren.org\/articles\/city-council-members-to-push-city-to-release-more-special-ed-stats\/\",\"name\":\"City Council members to push city to release more special-ed stats - Advocates for Children of New York\",\"isPartOf\":{\"@id\":\"https:\/\/advocatesforchildren.org\/#website\"},\"datePublished\":\"2014-10-23T09:44:10+00:00\",\"dateModified\":\"2024-04-09T19:54:58+00:00\",\"breadcrumb\":{\"@id\":\"https:\/\/advocatesforchildren.org\/articles\/city-council-members-to-push-city-to-release-more-special-ed-stats\/#breadcrumb\"},\"inLanguage\":\"fr-FR\",\"potentialAction\":[{\"@type\":\"ReadAction\",\"target\":[\"https:\/\/advocatesforchildren.org\/articles\/city-council-members-to-push-city-to-release-more-special-ed-stats\/\"]}]},{\"@type\":\"BreadcrumbList\",\"@id\":\"https:\/\/advocatesforchildren.org\/articles\/city-council-members-to-push-city-to-release-more-special-ed-stats\/#breadcrumb\",\"itemListElement\":[{\"@type\":\"ListItem\",\"position\":1,\"name\":\"Home\",\"item\":\"https:\/\/advocatesforchildren.org\/\"},{\"@type\":\"ListItem\",\"position\":2,\"name\":\"City Council members to push city to release more special-ed stats\"}]},{\"@type\":\"WebSite\",\"@id\":\"https:\/\/advocatesforchildren.org\/#website\",\"url\":\"https:\/\/advocatesforchildren.org\/\",\"name\":\"Advocates for Children of New York\",\"description\":\"\",\"publisher\":{\"@id\":\"https:\/\/advocatesforchildren.org\/#organization\"},\"potentialAction\":[{\"@type\":\"SearchAction\",\"target\":{\"@type\":\"EntryPoint\",\"urlTemplate\":\"https:\/\/advocatesforchildren.org\/?s={search_term_string}\"},\"query-input\":{\"@type\":\"PropertyValueSpecification\",\"valueRequired\":true,\"valueName\":\"search_term_string\"}}],\"inLanguage\":\"fr-FR\"},{\"@type\":\"Organization\",\"@id\":\"https:\/\/advocatesforchildren.org\/#organization\",\"name\":\"Advocates for Children of New York\",\"url\":\"https:\/\/advocatesforchildren.org\/\",\"logo\":{\"@type\":\"ImageObject\",\"inLanguage\":\"fr-FR\",\"@id\":\"https:\/\/advocatesforchildren.org\/#\/schema\/logo\/image\/\",\"url\":\"https:\/\/advocatesforchildren.org\/wp-content\/uploads\/2024\/03\/afc-logo.png\",\"contentUrl\":\"https:\/\/advocatesforchildren.org\/wp-content\/uploads\/2024\/03\/afc-logo.png\",\"width\":696,\"height\":696,\"caption\":\"Advocates for Children of New York\"},\"image\":{\"@id\":\"https:\/\/advocatesforchildren.org\/#\/schema\/logo\/image\/\"},\"sameAs\":[\"https:\/\/www.facebook.com\/AdvocatesforChildren\/\",\"https:\/\/x.com\/AFCNewYork\"]}]}<\/script>\n<!-- \/ Yoast SEO plugin. -->","yoast_head_json":{"title":"City Council members to push city to release more special-ed stats - Advocates for Children of New York","robots":{"index":"index","follow":"follow","max-snippet":"max-snippet:-1","max-image-preview":"max-image-preview:large","max-video-preview":"max-video-preview:-1"},"canonical":"https:\/\/advocatesforchildren.org\/fr\/articles\/city-council-members-to-push-city-to-release-more-special-ed-stats\/","og_locale":"fr_FR","og_type":"article","og_title":"City Council members to push city to release more special-ed stats - Advocates for Children of New York","og_url":"https:\/\/advocatesforchildren.org\/fr\/articles\/city-council-members-to-push-city-to-release-more-special-ed-stats\/","og_site_name":"Advocates for Children of New York","article_publisher":"https:\/\/www.facebook.com\/AdvocatesforChildren\/","article_modified_time":"2024-04-09T19:54:58+00:00","og_image":[{"width":1200,"height":630,"url":"https:\/\/advocatesforchildren.org\/wp-content\/uploads\/2024\/03\/share.jpg","type":"image\/jpeg"}],"twitter_card":"summary_large_image","twitter_site":"@AFCNewYork","schema":{"@context":"https:\/\/schema.org","@graph":[{"@type":"WebPage","@id":"https:\/\/advocatesforchildren.org\/articles\/city-council-members-to-push-city-to-release-more-special-ed-stats\/","url":"https:\/\/advocatesforchildren.org\/articles\/city-council-members-to-push-city-to-release-more-special-ed-stats\/","name":"City Council members to push city to release more special-ed stats - Advocates for Children of New York","isPartOf":{"@id":"https:\/\/advocatesforchildren.org\/#website"},"datePublished":"2014-10-23T09:44:10+00:00","dateModified":"2024-04-09T19:54:58+00:00","breadcrumb":{"@id":"https:\/\/advocatesforchildren.org\/articles\/city-council-members-to-push-city-to-release-more-special-ed-stats\/#breadcrumb"},"inLanguage":"fr-FR","potentialAction":[{"@type":"ReadAction","target":["https:\/\/advocatesforchildren.org\/articles\/city-council-members-to-push-city-to-release-more-special-ed-stats\/"]}]},{"@type":"BreadcrumbList","@id":"https:\/\/advocatesforchildren.org\/articles\/city-council-members-to-push-city-to-release-more-special-ed-stats\/#breadcrumb","itemListElement":[{"@type":"ListItem","position":1,"name":"Home","item":"https:\/\/advocatesforchildren.org\/"},{"@type":"ListItem","position":2,"name":"City Council members to push city to release more special-ed stats"}]},{"@type":"WebSite","@id":"https:\/\/advocatesforchildren.org\/#website","url":"https:\/\/advocatesforchildren.org\/","name":"D\u00e9fenseurs des enfants de New York","description":"","publisher":{"@id":"https:\/\/advocatesforchildren.org\/#organization"},"potentialAction":[{"@type":"SearchAction","target":{"@type":"EntryPoint","urlTemplate":"https:\/\/advocatesforchildren.org\/?s={search_term_string}"},"query-input":{"@type":"PropertyValueSpecification","valueRequired":true,"valueName":"search_term_string"}}],"inLanguage":"fr-FR"},{"@type":"Organization","@id":"https:\/\/advocatesforchildren.org\/#organization","name":"D\u00e9fenseurs des enfants de New York","url":"https:\/\/advocatesforchildren.org\/","logo":{"@type":"ImageObject","inLanguage":"fr-FR","@id":"https:\/\/advocatesforchildren.org\/#\/schema\/logo\/image\/","url":"https:\/\/advocatesforchildren.org\/wp-content\/uploads\/2024\/03\/afc-logo.png","contentUrl":"https:\/\/advocatesforchildren.org\/wp-content\/uploads\/2024\/03\/afc-logo.png","width":696,"height":696,"caption":"Advocates for Children of New York"},"image":{"@id":"https:\/\/advocatesforchildren.org\/#\/schema\/logo\/image\/"},"sameAs":["https:\/\/www.facebook.com\/AdvocatesforChildren\/","https:\/\/x.com\/AFCNewYork"]}]}},"_links":{"self":[{"href":"https:\/\/advocatesforchildren.org\/fr\/wp-json\/wp\/v2\/article\/2837","targetHints":{"allow":["GET"]}}],"collection":[{"href":"https:\/\/advocatesforchildren.org\/fr\/wp-json\/wp\/v2\/article"}],"about":[{"href":"https:\/\/advocatesforchildren.org\/fr\/wp-json\/wp\/v2\/types\/article"}],"version-history":[{"count":0,"href":"https:\/\/advocatesforchildren.org\/fr\/wp-json\/wp\/v2\/article\/2837\/revisions"}],"wp:attachment":[{"href":"https:\/\/advocatesforchildren.org\/fr\/wp-json\/wp\/v2\/media?parent=2837"}],"curies":[{"name":"wp","href":"https:\/\/api.w.org\/{rel}","templated":true}]}}