{"id":2747,"date":"2013-10-16T12:28:25","date_gmt":"2013-10-16T12:28:25","guid":{"rendered":"https:\/\/advocatesforchildren.org\/articles\/as-search-goes-on-for-queens-boy-with-autism-adults-at-his-school-face-questions\/"},"modified":"2024-02-29T04:29:17","modified_gmt":"2024-02-29T04:29:17","slug":"as-search-goes-on-for-queens-boy-with-autism-adults-at-his-school-face-questions","status":"publish","type":"article","link":"https:\/\/advocatesforchildren.org\/fr\/articles\/as-search-goes-on-for-queens-boy-with-autism-adults-at-his-school-face-questions\/","title":{"rendered":"Alors que la recherche se poursuit pour un gar\u00e7on autiste du Queens, les adultes de son \u00e9cole sont confront\u00e9s \u00e0 des questions"},"template":"","class_list":["post-2747","article","type-article","status-publish","hentry","article_type-afc-in-the-news","topic_tax-students-with-disabilities"],"acf":{"component_standard_hero":{"":null,"excerpt":"","short_description":"","button":{"":null,"link_type":"off","page":null,"file":null,"title":""},"image":null,"disable_share_icons":false},"page_layout":[{"acf_fc_layout":"layout_wysiwyg","_acfe_flexible_toggle":null,"component_wysiwyg":{"content":"<p>15.10.2013 | New York Times | Onze jours apr\u00e8s qu&#039;un adolescent autiste ait quitt\u00e9 son \u00e9cole dans le Queens en milieu de journ\u00e9e, un haut commandant de la police, le chef du d\u00e9partement Philip Banks III, a d\u00e9clar\u00e9 mardi que les recherches intensifi\u00e9es n&#039;avaient pas permis de trouver la moindre trace de l&#039;adolescent autiste. \u00e9tudiant. Alors que les efforts pour retrouver le gar\u00e7on, Avonte Oquendo, se poursuivaient, un avocat de la famille et des d\u00e9fenseurs des enfants handicap\u00e9s ont d\u00e9clar\u00e9 qu&#039;ils \u00e9taient de plus en plus troubl\u00e9s par un myst\u00e8re ant\u00e9rieur : comment le jeune de 14 ans a-t-il d&#039;abord quitt\u00e9 l&#039;\u00e9cole ? ? &quot;Aucun \u00e9l\u00e8ve ne devrait jamais s&#039;en sortir&quot;, a d\u00e9clar\u00e9 Maggie Moroff, coordinatrice des politiques d&#039;\u00e9ducation sp\u00e9cialis\u00e9e chez Advocates for Children of New York, un groupe juridique \u00e0 but non lucratif. <a href=\"http:\/\/www.nytimes.com\/2013\/10\/16\/nyregion\/as-search-goes-on-for-queens-boy-with-autism-adults-at-his-school-face-questions.html\" target=\"_blank\"><em>Lire l&#039;article<\/em><\/a><\/p>","":null,"settings":[]}}],"relationships":{"":null,"article_type":[83],"topics":[28],"misc_topics":false},"misc":{"search_results":{"":null,"excerpt":"","featured_image":""}}},"yoast_head":"<!-- This site is optimized with the Yoast SEO plugin v27.2 - https:\/\/yoast.com\/product\/yoast-seo-wordpress\/ -->\n<title>As Search Goes On for Queens Boy With Autism, Adults at His School Face Questions - Advocates for Children of New York<\/title>\n<meta name=\"robots\" content=\"index, follow, max-snippet:-1, max-image-preview:large, max-video-preview:-1\" \/>\n<link rel=\"canonical\" href=\"https:\/\/advocatesforchildren.org\/fr\/articles\/as-search-goes-on-for-queens-boy-with-autism-adults-at-his-school-face-questions\/\" \/>\n<meta property=\"og:locale\" content=\"fr_FR\" \/>\n<meta property=\"og:type\" content=\"article\" \/>\n<meta property=\"og:title\" content=\"As Search Goes On for Queens Boy With Autism, Adults at His School Face Questions - Advocates for Children of New York\" \/>\n<meta property=\"og:url\" content=\"https:\/\/advocatesforchildren.org\/fr\/articles\/as-search-goes-on-for-queens-boy-with-autism-adults-at-his-school-face-questions\/\" \/>\n<meta property=\"og:site_name\" content=\"Advocates for Children of New York\" \/>\n<meta property=\"article:publisher\" content=\"https:\/\/www.facebook.com\/AdvocatesforChildren\/\" \/>\n<meta property=\"article:modified_time\" content=\"2024-02-29T04:29:17+00:00\" \/>\n<meta property=\"og:image\" content=\"https:\/\/advocatesforchildren.org\/wp-content\/uploads\/2024\/03\/share.jpg\" \/>\n\t<meta property=\"og:image:width\" content=\"1200\" \/>\n\t<meta property=\"og:image:height\" content=\"630\" \/>\n\t<meta property=\"og:image:type\" content=\"image\/jpeg\" \/>\n<meta name=\"twitter:card\" content=\"summary_large_image\" \/>\n<meta name=\"twitter:site\" content=\"@AFCNewYork\" \/>\n<script type=\"application\/ld+json\" class=\"yoast-schema-graph\">{\"@context\":\"https:\/\/schema.org\",\"@graph\":[{\"@type\":\"WebPage\",\"@id\":\"https:\/\/advocatesforchildren.org\/articles\/as-search-goes-on-for-queens-boy-with-autism-adults-at-his-school-face-questions\/\",\"url\":\"https:\/\/advocatesforchildren.org\/articles\/as-search-goes-on-for-queens-boy-with-autism-adults-at-his-school-face-questions\/\",\"name\":\"As Search Goes On for Queens Boy With Autism, Adults at His School Face Questions - Advocates for Children of New York\",\"isPartOf\":{\"@id\":\"https:\/\/advocatesforchildren.org\/#website\"},\"datePublished\":\"2013-10-16T12:28:25+00:00\",\"dateModified\":\"2024-02-29T04:29:17+00:00\",\"breadcrumb\":{\"@id\":\"https:\/\/advocatesforchildren.org\/articles\/as-search-goes-on-for-queens-boy-with-autism-adults-at-his-school-face-questions\/#breadcrumb\"},\"inLanguage\":\"fr-FR\",\"potentialAction\":[{\"@type\":\"ReadAction\",\"target\":[\"https:\/\/advocatesforchildren.org\/articles\/as-search-goes-on-for-queens-boy-with-autism-adults-at-his-school-face-questions\/\"]}]},{\"@type\":\"BreadcrumbList\",\"@id\":\"https:\/\/advocatesforchildren.org\/articles\/as-search-goes-on-for-queens-boy-with-autism-adults-at-his-school-face-questions\/#breadcrumb\",\"itemListElement\":[{\"@type\":\"ListItem\",\"position\":1,\"name\":\"Home\",\"item\":\"https:\/\/advocatesforchildren.org\/\"},{\"@type\":\"ListItem\",\"position\":2,\"name\":\"As Search Goes On for Queens Boy With Autism, Adults at His School Face Questions\"}]},{\"@type\":\"WebSite\",\"@id\":\"https:\/\/advocatesforchildren.org\/#website\",\"url\":\"https:\/\/advocatesforchildren.org\/\",\"name\":\"Advocates for Children of New York\",\"description\":\"\",\"publisher\":{\"@id\":\"https:\/\/advocatesforchildren.org\/#organization\"},\"potentialAction\":[{\"@type\":\"SearchAction\",\"target\":{\"@type\":\"EntryPoint\",\"urlTemplate\":\"https:\/\/advocatesforchildren.org\/?s={search_term_string}\"},\"query-input\":{\"@type\":\"PropertyValueSpecification\",\"valueRequired\":true,\"valueName\":\"search_term_string\"}}],\"inLanguage\":\"fr-FR\"},{\"@type\":\"Organization\",\"@id\":\"https:\/\/advocatesforchildren.org\/#organization\",\"name\":\"Advocates for Children of New York\",\"url\":\"https:\/\/advocatesforchildren.org\/\",\"logo\":{\"@type\":\"ImageObject\",\"inLanguage\":\"fr-FR\",\"@id\":\"https:\/\/advocatesforchildren.org\/#\/schema\/logo\/image\/\",\"url\":\"https:\/\/advocatesforchildren.org\/wp-content\/uploads\/2024\/03\/afc-logo.png\",\"contentUrl\":\"https:\/\/advocatesforchildren.org\/wp-content\/uploads\/2024\/03\/afc-logo.png\",\"width\":696,\"height\":696,\"caption\":\"Advocates for Children of New York\"},\"image\":{\"@id\":\"https:\/\/advocatesforchildren.org\/#\/schema\/logo\/image\/\"},\"sameAs\":[\"https:\/\/www.facebook.com\/AdvocatesforChildren\/\",\"https:\/\/x.com\/AFCNewYork\"]}]}<\/script>\n<!-- \/ Yoast SEO plugin. -->","yoast_head_json":{"title":"As Search Goes On for Queens Boy With Autism, Adults at His School Face Questions - Advocates for Children of New York","robots":{"index":"index","follow":"follow","max-snippet":"max-snippet:-1","max-image-preview":"max-image-preview:large","max-video-preview":"max-video-preview:-1"},"canonical":"https:\/\/advocatesforchildren.org\/fr\/articles\/as-search-goes-on-for-queens-boy-with-autism-adults-at-his-school-face-questions\/","og_locale":"fr_FR","og_type":"article","og_title":"As Search Goes On for Queens Boy With Autism, Adults at His School Face Questions - Advocates for Children of New York","og_url":"https:\/\/advocatesforchildren.org\/fr\/articles\/as-search-goes-on-for-queens-boy-with-autism-adults-at-his-school-face-questions\/","og_site_name":"Advocates for Children of New York","article_publisher":"https:\/\/www.facebook.com\/AdvocatesforChildren\/","article_modified_time":"2024-02-29T04:29:17+00:00","og_image":[{"width":1200,"height":630,"url":"https:\/\/advocatesforchildren.org\/wp-content\/uploads\/2024\/03\/share.jpg","type":"image\/jpeg"}],"twitter_card":"summary_large_image","twitter_site":"@AFCNewYork","schema":{"@context":"https:\/\/schema.org","@graph":[{"@type":"WebPage","@id":"https:\/\/advocatesforchildren.org\/articles\/as-search-goes-on-for-queens-boy-with-autism-adults-at-his-school-face-questions\/","url":"https:\/\/advocatesforchildren.org\/articles\/as-search-goes-on-for-queens-boy-with-autism-adults-at-his-school-face-questions\/","name":"As Search Goes On for Queens Boy With Autism, Adults at His School Face Questions - Advocates for Children of New York","isPartOf":{"@id":"https:\/\/advocatesforchildren.org\/#website"},"datePublished":"2013-10-16T12:28:25+00:00","dateModified":"2024-02-29T04:29:17+00:00","breadcrumb":{"@id":"https:\/\/advocatesforchildren.org\/articles\/as-search-goes-on-for-queens-boy-with-autism-adults-at-his-school-face-questions\/#breadcrumb"},"inLanguage":"fr-FR","potentialAction":[{"@type":"ReadAction","target":["https:\/\/advocatesforchildren.org\/articles\/as-search-goes-on-for-queens-boy-with-autism-adults-at-his-school-face-questions\/"]}]},{"@type":"BreadcrumbList","@id":"https:\/\/advocatesforchildren.org\/articles\/as-search-goes-on-for-queens-boy-with-autism-adults-at-his-school-face-questions\/#breadcrumb","itemListElement":[{"@type":"ListItem","position":1,"name":"Home","item":"https:\/\/advocatesforchildren.org\/"},{"@type":"ListItem","position":2,"name":"As Search Goes On for Queens Boy With Autism, Adults at His School Face Questions"}]},{"@type":"WebSite","@id":"https:\/\/advocatesforchildren.org\/#website","url":"https:\/\/advocatesforchildren.org\/","name":"D\u00e9fenseurs des enfants de New York","description":"","publisher":{"@id":"https:\/\/advocatesforchildren.org\/#organization"},"potentialAction":[{"@type":"SearchAction","target":{"@type":"EntryPoint","urlTemplate":"https:\/\/advocatesforchildren.org\/?s={search_term_string}"},"query-input":{"@type":"PropertyValueSpecification","valueRequired":true,"valueName":"search_term_string"}}],"inLanguage":"fr-FR"},{"@type":"Organization","@id":"https:\/\/advocatesforchildren.org\/#organization","name":"D\u00e9fenseurs des enfants de New York","url":"https:\/\/advocatesforchildren.org\/","logo":{"@type":"ImageObject","inLanguage":"fr-FR","@id":"https:\/\/advocatesforchildren.org\/#\/schema\/logo\/image\/","url":"https:\/\/advocatesforchildren.org\/wp-content\/uploads\/2024\/03\/afc-logo.png","contentUrl":"https:\/\/advocatesforchildren.org\/wp-content\/uploads\/2024\/03\/afc-logo.png","width":696,"height":696,"caption":"Advocates for Children of New York"},"image":{"@id":"https:\/\/advocatesforchildren.org\/#\/schema\/logo\/image\/"},"sameAs":["https:\/\/www.facebook.com\/AdvocatesforChildren\/","https:\/\/x.com\/AFCNewYork"]}]}},"_links":{"self":[{"href":"https:\/\/advocatesforchildren.org\/fr\/wp-json\/wp\/v2\/article\/2747","targetHints":{"allow":["GET"]}}],"collection":[{"href":"https:\/\/advocatesforchildren.org\/fr\/wp-json\/wp\/v2\/article"}],"about":[{"href":"https:\/\/advocatesforchildren.org\/fr\/wp-json\/wp\/v2\/types\/article"}],"version-history":[{"count":0,"href":"https:\/\/advocatesforchildren.org\/fr\/wp-json\/wp\/v2\/article\/2747\/revisions"}],"wp:attachment":[{"href":"https:\/\/advocatesforchildren.org\/fr\/wp-json\/wp\/v2\/media?parent=2747"}],"curies":[{"name":"wp","href":"https:\/\/api.w.org\/{rel}","templated":true}]}}