{"id":607,"date":"2014-09-10T16:23:01","date_gmt":"2014-09-10T16:23:01","guid":{"rendered":"https:\/\/advocatesforchildren.org\/story\/delayneys-story\/"},"modified":"2024-05-15T12:12:02","modified_gmt":"2024-05-15T16:12:02","slug":"delayneys-story","status":"publish","type":"story","link":"https:\/\/advocatesforchildren.org\/es\/story\/delayneys-story\/","title":{"rendered":"La historia de Delayney"},"template":"","class_list":["post-607","story","type-story","status-publish","hentry","topic_tax-students-with-disabilities"],"acf":{"component_hero":{"variant":"split","":null,"subheader":"Right: Delayney (center) with her AFC attorney and her mom on graduation day.","button":"","image":5603},"page_layout":[{"acf_fc_layout":"layout_wysiwyg","_acfe_flexible_toggle":"","component_wysiwyg":{"content":"Delayney first came to AFC as a 13-year-old 7th grader struggling at a public school in Manhattan. Delayney started receiving special education services in 4th grade, and though she had an Individualized Education Program (IEP) that detailed her significant needs\u2014she has learning disabilities, ADHD, and anxiety and mood disorders\u2014she received inconsistent instruction and was regressing academically.\r\n\r\nAFC found Delayney a new school placement for 8th and 9th grades, one that could provide both specialized academic instruction and a small, nurturing environment to support her socially and emotionally. Delayney made so much progress in this supportive environment that we were able to help her transfer to a larger and less restrictive school for her final three years of high school: Community High School in New Jersey, a private special education school that specializes in serving students just like Delayney. Delayney thrived at Community High School, where she was well-liked by her teachers, made great strides interpersonally, excelled in the arts and music programs, and received the support she needed for her learning and attention needs.\r\n\r\nDelayney will be starting college in fall 2014, where she will study psychology! Delayney plans to become a child psychologist so she can one day help students who face challenges similar to her own.","":null,"settings":""}}],"relationships":{"":null,"topic":[28],"misc_topics":false},"misc":{"disable_sticky_helpbar":false,"search_results":{"":null,"excerpt":"","featured_image":""}},"component_slide":{"":null,"image":5603,"custom_tag":"","kicker":"Delayney's Story","title":"AFC encontr\u00f3 a Delayney una nueva ubicaci\u00f3n escolar para octavo y noveno grado, una que podr\u00eda brindarle instrucci\u00f3n acad\u00e9mica especializada y un ambiente peque\u00f1o y acogedor para apoyarla social y emocionalmente.","link_text":"Read the full story"}},"yoast_head":"<!-- This site is optimized with the Yoast SEO plugin v27.2 - https:\/\/yoast.com\/product\/yoast-seo-wordpress\/ -->\n<title>Delayney&#039;s Story - Advocates for Children of New York<\/title>\n<meta name=\"robots\" content=\"index, follow, max-snippet:-1, max-image-preview:large, max-video-preview:-1\" \/>\n<link rel=\"canonical\" href=\"https:\/\/advocatesforchildren.org\/es\/story\/delayneys-story\/\" \/>\n<meta property=\"og:locale\" content=\"es_MX\" \/>\n<meta property=\"og:type\" content=\"article\" \/>\n<meta property=\"og:title\" content=\"Delayney&#039;s Story - Advocates for Children of New York\" \/>\n<meta property=\"og:url\" content=\"https:\/\/advocatesforchildren.org\/es\/story\/delayneys-story\/\" \/>\n<meta property=\"og:site_name\" content=\"Advocates for Children of New York\" \/>\n<meta property=\"article:publisher\" content=\"https:\/\/www.facebook.com\/AdvocatesforChildren\/\" \/>\n<meta property=\"article:modified_time\" content=\"2024-05-15T16:12:02+00:00\" \/>\n<meta property=\"og:image\" content=\"https:\/\/advocatesforchildren.org\/wp-content\/uploads\/2024\/03\/share.jpg\" \/>\n\t<meta property=\"og:image:width\" content=\"1200\" \/>\n\t<meta property=\"og:image:height\" content=\"630\" \/>\n\t<meta property=\"og:image:type\" content=\"image\/jpeg\" \/>\n<meta name=\"twitter:card\" content=\"summary_large_image\" \/>\n<meta name=\"twitter:site\" content=\"@AFCNewYork\" \/>\n<script type=\"application\/ld+json\" class=\"yoast-schema-graph\">{\"@context\":\"https:\/\/schema.org\",\"@graph\":[{\"@type\":\"WebPage\",\"@id\":\"https:\/\/advocatesforchildren.org\/story\/delayneys-story\/\",\"url\":\"https:\/\/advocatesforchildren.org\/story\/delayneys-story\/\",\"name\":\"Delayney's Story - Advocates for Children of New York\",\"isPartOf\":{\"@id\":\"https:\/\/advocatesforchildren.org\/#website\"},\"datePublished\":\"2014-09-10T16:23:01+00:00\",\"dateModified\":\"2024-05-15T16:12:02+00:00\",\"breadcrumb\":{\"@id\":\"https:\/\/advocatesforchildren.org\/story\/delayneys-story\/#breadcrumb\"},\"inLanguage\":\"es-MX\",\"potentialAction\":[{\"@type\":\"ReadAction\",\"target\":[\"https:\/\/advocatesforchildren.org\/story\/delayneys-story\/\"]}]},{\"@type\":\"BreadcrumbList\",\"@id\":\"https:\/\/advocatesforchildren.org\/story\/delayneys-story\/#breadcrumb\",\"itemListElement\":[{\"@type\":\"ListItem\",\"position\":1,\"name\":\"Home\",\"item\":\"https:\/\/advocatesforchildren.org\/\"},{\"@type\":\"ListItem\",\"position\":2,\"name\":\"Delayney&#8217;s Story\"}]},{\"@type\":\"WebSite\",\"@id\":\"https:\/\/advocatesforchildren.org\/#website\",\"url\":\"https:\/\/advocatesforchildren.org\/\",\"name\":\"Advocates for Children of New York\",\"description\":\"\",\"publisher\":{\"@id\":\"https:\/\/advocatesforchildren.org\/#organization\"},\"potentialAction\":[{\"@type\":\"SearchAction\",\"target\":{\"@type\":\"EntryPoint\",\"urlTemplate\":\"https:\/\/advocatesforchildren.org\/?s={search_term_string}\"},\"query-input\":{\"@type\":\"PropertyValueSpecification\",\"valueRequired\":true,\"valueName\":\"search_term_string\"}}],\"inLanguage\":\"es-MX\"},{\"@type\":\"Organization\",\"@id\":\"https:\/\/advocatesforchildren.org\/#organization\",\"name\":\"Advocates for Children of New York\",\"url\":\"https:\/\/advocatesforchildren.org\/\",\"logo\":{\"@type\":\"ImageObject\",\"inLanguage\":\"es-MX\",\"@id\":\"https:\/\/advocatesforchildren.org\/#\/schema\/logo\/image\/\",\"url\":\"https:\/\/advocatesforchildren.org\/wp-content\/uploads\/2024\/03\/afc-logo.png\",\"contentUrl\":\"https:\/\/advocatesforchildren.org\/wp-content\/uploads\/2024\/03\/afc-logo.png\",\"width\":696,\"height\":696,\"caption\":\"Advocates for Children of New York\"},\"image\":{\"@id\":\"https:\/\/advocatesforchildren.org\/#\/schema\/logo\/image\/\"},\"sameAs\":[\"https:\/\/www.facebook.com\/AdvocatesforChildren\/\",\"https:\/\/x.com\/AFCNewYork\"]}]}<\/script>\n<!-- \/ Yoast SEO plugin. -->","yoast_head_json":{"title":"Delayney's Story - Advocates for Children of New York","robots":{"index":"index","follow":"follow","max-snippet":"max-snippet:-1","max-image-preview":"max-image-preview:large","max-video-preview":"max-video-preview:-1"},"canonical":"https:\/\/advocatesforchildren.org\/es\/story\/delayneys-story\/","og_locale":"es_MX","og_type":"article","og_title":"Delayney's Story - Advocates for Children of New York","og_url":"https:\/\/advocatesforchildren.org\/es\/story\/delayneys-story\/","og_site_name":"Advocates for Children of New York","article_publisher":"https:\/\/www.facebook.com\/AdvocatesforChildren\/","article_modified_time":"2024-05-15T16:12:02+00:00","og_image":[{"width":1200,"height":630,"url":"https:\/\/advocatesforchildren.org\/wp-content\/uploads\/2024\/03\/share.jpg","type":"image\/jpeg"}],"twitter_card":"summary_large_image","twitter_site":"@AFCNewYork","schema":{"@context":"https:\/\/schema.org","@graph":[{"@type":"WebPage","@id":"https:\/\/advocatesforchildren.org\/story\/delayneys-story\/","url":"https:\/\/advocatesforchildren.org\/story\/delayneys-story\/","name":"Delayney's Story - Advocates for Children of New York","isPartOf":{"@id":"https:\/\/advocatesforchildren.org\/#website"},"datePublished":"2014-09-10T16:23:01+00:00","dateModified":"2024-05-15T16:12:02+00:00","breadcrumb":{"@id":"https:\/\/advocatesforchildren.org\/story\/delayneys-story\/#breadcrumb"},"inLanguage":"es-MX","potentialAction":[{"@type":"ReadAction","target":["https:\/\/advocatesforchildren.org\/story\/delayneys-story\/"]}]},{"@type":"BreadcrumbList","@id":"https:\/\/advocatesforchildren.org\/story\/delayneys-story\/#breadcrumb","itemListElement":[{"@type":"ListItem","position":1,"name":"Home","item":"https:\/\/advocatesforchildren.org\/"},{"@type":"ListItem","position":2,"name":"Delayney&#8217;s Story"}]},{"@type":"WebSite","@id":"https:\/\/advocatesforchildren.org\/#website","url":"https:\/\/advocatesforchildren.org\/","name":"Defensores de los ni\u00f1os de Nueva York","description":"","publisher":{"@id":"https:\/\/advocatesforchildren.org\/#organization"},"potentialAction":[{"@type":"SearchAction","target":{"@type":"EntryPoint","urlTemplate":"https:\/\/advocatesforchildren.org\/?s={search_term_string}"},"query-input":{"@type":"PropertyValueSpecification","valueRequired":true,"valueName":"search_term_string"}}],"inLanguage":"es-MX"},{"@type":"Organization","@id":"https:\/\/advocatesforchildren.org\/#organization","name":"Defensores de los ni\u00f1os de Nueva York","url":"https:\/\/advocatesforchildren.org\/","logo":{"@type":"ImageObject","inLanguage":"es-MX","@id":"https:\/\/advocatesforchildren.org\/#\/schema\/logo\/image\/","url":"https:\/\/advocatesforchildren.org\/wp-content\/uploads\/2024\/03\/afc-logo.png","contentUrl":"https:\/\/advocatesforchildren.org\/wp-content\/uploads\/2024\/03\/afc-logo.png","width":696,"height":696,"caption":"Advocates for Children of New York"},"image":{"@id":"https:\/\/advocatesforchildren.org\/#\/schema\/logo\/image\/"},"sameAs":["https:\/\/www.facebook.com\/AdvocatesforChildren\/","https:\/\/x.com\/AFCNewYork"]}]}},"_links":{"self":[{"href":"https:\/\/advocatesforchildren.org\/es\/wp-json\/wp\/v2\/story\/607","targetHints":{"allow":["GET"]}}],"collection":[{"href":"https:\/\/advocatesforchildren.org\/es\/wp-json\/wp\/v2\/story"}],"about":[{"href":"https:\/\/advocatesforchildren.org\/es\/wp-json\/wp\/v2\/types\/story"}],"version-history":[{"count":0,"href":"https:\/\/advocatesforchildren.org\/es\/wp-json\/wp\/v2\/story\/607\/revisions"}],"wp:attachment":[{"href":"https:\/\/advocatesforchildren.org\/es\/wp-json\/wp\/v2\/media?parent=607"}],"curies":[{"name":"wp","href":"https:\/\/api.w.org\/{rel}","templated":true}]}}