{"id":3946,"date":"2023-06-08T16:45:26","date_gmt":"2023-06-08T16:45:26","guid":{"rendered":"https:\/\/advocatesforchildren.org\/articles\/nyc-schools-handcuff-and-haul-away-kids-in-emotional-crisis\/"},"modified":"2024-04-09T15:47:37","modified_gmt":"2024-04-09T19:47:37","slug":"nyc-schools-handcuff-and-haul-away-kids-in-emotional-crisis","status":"publish","type":"article","link":"https:\/\/advocatesforchildren.org\/es\/articles\/nyc-schools-handcuff-and-haul-away-kids-in-emotional-crisis\/","title":{"rendered":"Escuelas de Nueva York esposan y se llevan a ni\u00f1os en crisis emocional"},"template":"","class_list":["post-3946","article","type-article","status-publish","hentry","article_type-afc-in-the-news","misc_topic-general-education"],"acf":{"component_standard_hero":{"":null,"excerpt":"","short_description":"","button":{"":null,"link_type":"off","page":null,"file":null,"title":""},"image":null,"disable_share_icons":false},"page_layout":[{"acf_fc_layout":"layout_wysiwyg","_acfe_flexible_toggle":null,"component_wysiwyg":{"content":"<p>05.04.2023 | ProPublica | \u201cEs alucinante\u201d, dijo Dawn Yuster, quien dirige el Proyecto Justicia Escolar en el grupo Advocates for Children. \u201cEsto acelerar\u00eda la atenci\u00f3n para los j\u00f3venes con las necesidades m\u00e1s significativas. Si van a decirlo, fin\u00e1ncialo\u201d.\u201d\u00a0<\/p><p>Cuando el personal escolar no recibe el apoyo que necesita de expertos en salud mental, a menudo recurre a castigar a los ni\u00f1os por comportamientos que no pueden controlar, dijo Yuster. Podr\u00eda empezar por \u201cllamar a los padres todos los d\u00edas sobre el comportamiento de un estudiante. Luego, suben la apuesta, llamando para decir: \u2018Vamos a suspender por cinco d\u00edas, y la pr\u00f3xima vez llamaremos a los servicios m\u00e9dicos de emergencia si este comportamiento contin\u00faa\u2019\u201d.\u201d\u00a0<a href=\"https:\/\/www.propublica.org\/article\/nyc-schools-students-police-emotional-crisis-nypd\" target=\"_blank\"><em>Lee el art\u00edculo<\/em><\/a><\/p>","":null,"settings":[]}}],"relationships":{"":null,"article_type":[83],"topics":false,"misc_topics":[193]},"misc":{"search_results":{"":null,"excerpt":"","featured_image":""}}},"yoast_head":"<!-- This site is optimized with the Yoast SEO plugin v27.2 - https:\/\/yoast.com\/product\/yoast-seo-wordpress\/ -->\n<title>NYC schools handcuff and haul away kids in emotional crisis - Advocates for Children of New York<\/title>\n<meta name=\"robots\" content=\"index, follow, max-snippet:-1, max-image-preview:large, max-video-preview:-1\" \/>\n<link rel=\"canonical\" href=\"https:\/\/advocatesforchildren.org\/es\/articles\/nyc-schools-handcuff-and-haul-away-kids-in-emotional-crisis\/\" \/>\n<meta property=\"og:locale\" content=\"es_MX\" \/>\n<meta property=\"og:type\" content=\"article\" \/>\n<meta property=\"og:title\" content=\"NYC schools handcuff and haul away kids in emotional crisis - Advocates for Children of New York\" \/>\n<meta property=\"og:url\" content=\"https:\/\/advocatesforchildren.org\/es\/articles\/nyc-schools-handcuff-and-haul-away-kids-in-emotional-crisis\/\" \/>\n<meta property=\"og:site_name\" content=\"Advocates for Children of New York\" \/>\n<meta property=\"article:publisher\" content=\"https:\/\/www.facebook.com\/AdvocatesforChildren\/\" \/>\n<meta property=\"article:modified_time\" content=\"2024-04-09T19:47:37+00:00\" \/>\n<meta property=\"og:image\" content=\"https:\/\/advocatesforchildren.org\/wp-content\/uploads\/2024\/03\/share.jpg\" \/>\n\t<meta property=\"og:image:width\" content=\"1200\" \/>\n\t<meta property=\"og:image:height\" content=\"630\" \/>\n\t<meta property=\"og:image:type\" content=\"image\/jpeg\" \/>\n<meta name=\"twitter:card\" content=\"summary_large_image\" \/>\n<meta name=\"twitter:site\" content=\"@AFCNewYork\" \/>\n<script type=\"application\/ld+json\" class=\"yoast-schema-graph\">{\"@context\":\"https:\/\/schema.org\",\"@graph\":[{\"@type\":\"WebPage\",\"@id\":\"https:\/\/advocatesforchildren.org\/articles\/nyc-schools-handcuff-and-haul-away-kids-in-emotional-crisis\/\",\"url\":\"https:\/\/advocatesforchildren.org\/articles\/nyc-schools-handcuff-and-haul-away-kids-in-emotional-crisis\/\",\"name\":\"NYC schools handcuff and haul away kids in emotional crisis - Advocates for Children of New York\",\"isPartOf\":{\"@id\":\"https:\/\/advocatesforchildren.org\/#website\"},\"datePublished\":\"2023-06-08T16:45:26+00:00\",\"dateModified\":\"2024-04-09T19:47:37+00:00\",\"breadcrumb\":{\"@id\":\"https:\/\/advocatesforchildren.org\/articles\/nyc-schools-handcuff-and-haul-away-kids-in-emotional-crisis\/#breadcrumb\"},\"inLanguage\":\"es-MX\",\"potentialAction\":[{\"@type\":\"ReadAction\",\"target\":[\"https:\/\/advocatesforchildren.org\/articles\/nyc-schools-handcuff-and-haul-away-kids-in-emotional-crisis\/\"]}]},{\"@type\":\"BreadcrumbList\",\"@id\":\"https:\/\/advocatesforchildren.org\/articles\/nyc-schools-handcuff-and-haul-away-kids-in-emotional-crisis\/#breadcrumb\",\"itemListElement\":[{\"@type\":\"ListItem\",\"position\":1,\"name\":\"Home\",\"item\":\"https:\/\/advocatesforchildren.org\/\"},{\"@type\":\"ListItem\",\"position\":2,\"name\":\"NYC schools handcuff and haul away kids in emotional crisis\"}]},{\"@type\":\"WebSite\",\"@id\":\"https:\/\/advocatesforchildren.org\/#website\",\"url\":\"https:\/\/advocatesforchildren.org\/\",\"name\":\"Advocates for Children of New York\",\"description\":\"\",\"publisher\":{\"@id\":\"https:\/\/advocatesforchildren.org\/#organization\"},\"potentialAction\":[{\"@type\":\"SearchAction\",\"target\":{\"@type\":\"EntryPoint\",\"urlTemplate\":\"https:\/\/advocatesforchildren.org\/?s={search_term_string}\"},\"query-input\":{\"@type\":\"PropertyValueSpecification\",\"valueRequired\":true,\"valueName\":\"search_term_string\"}}],\"inLanguage\":\"es-MX\"},{\"@type\":\"Organization\",\"@id\":\"https:\/\/advocatesforchildren.org\/#organization\",\"name\":\"Advocates for Children of New York\",\"url\":\"https:\/\/advocatesforchildren.org\/\",\"logo\":{\"@type\":\"ImageObject\",\"inLanguage\":\"es-MX\",\"@id\":\"https:\/\/advocatesforchildren.org\/#\/schema\/logo\/image\/\",\"url\":\"https:\/\/advocatesforchildren.org\/wp-content\/uploads\/2024\/03\/afc-logo.png\",\"contentUrl\":\"https:\/\/advocatesforchildren.org\/wp-content\/uploads\/2024\/03\/afc-logo.png\",\"width\":696,\"height\":696,\"caption\":\"Advocates for Children of New York\"},\"image\":{\"@id\":\"https:\/\/advocatesforchildren.org\/#\/schema\/logo\/image\/\"},\"sameAs\":[\"https:\/\/www.facebook.com\/AdvocatesforChildren\/\",\"https:\/\/x.com\/AFCNewYork\"]}]}<\/script>\n<!-- \/ Yoast SEO plugin. -->","yoast_head_json":{"title":"NYC schools handcuff and haul away kids in emotional crisis - Advocates for Children of New York","robots":{"index":"index","follow":"follow","max-snippet":"max-snippet:-1","max-image-preview":"max-image-preview:large","max-video-preview":"max-video-preview:-1"},"canonical":"https:\/\/advocatesforchildren.org\/es\/articles\/nyc-schools-handcuff-and-haul-away-kids-in-emotional-crisis\/","og_locale":"es_MX","og_type":"article","og_title":"NYC schools handcuff and haul away kids in emotional crisis - Advocates for Children of New York","og_url":"https:\/\/advocatesforchildren.org\/es\/articles\/nyc-schools-handcuff-and-haul-away-kids-in-emotional-crisis\/","og_site_name":"Advocates for Children of New York","article_publisher":"https:\/\/www.facebook.com\/AdvocatesforChildren\/","article_modified_time":"2024-04-09T19:47:37+00:00","og_image":[{"width":1200,"height":630,"url":"https:\/\/advocatesforchildren.org\/wp-content\/uploads\/2024\/03\/share.jpg","type":"image\/jpeg"}],"twitter_card":"summary_large_image","twitter_site":"@AFCNewYork","schema":{"@context":"https:\/\/schema.org","@graph":[{"@type":"WebPage","@id":"https:\/\/advocatesforchildren.org\/articles\/nyc-schools-handcuff-and-haul-away-kids-in-emotional-crisis\/","url":"https:\/\/advocatesforchildren.org\/articles\/nyc-schools-handcuff-and-haul-away-kids-in-emotional-crisis\/","name":"NYC schools handcuff and haul away kids in emotional crisis - Advocates for Children of New York","isPartOf":{"@id":"https:\/\/advocatesforchildren.org\/#website"},"datePublished":"2023-06-08T16:45:26+00:00","dateModified":"2024-04-09T19:47:37+00:00","breadcrumb":{"@id":"https:\/\/advocatesforchildren.org\/articles\/nyc-schools-handcuff-and-haul-away-kids-in-emotional-crisis\/#breadcrumb"},"inLanguage":"es-MX","potentialAction":[{"@type":"ReadAction","target":["https:\/\/advocatesforchildren.org\/articles\/nyc-schools-handcuff-and-haul-away-kids-in-emotional-crisis\/"]}]},{"@type":"BreadcrumbList","@id":"https:\/\/advocatesforchildren.org\/articles\/nyc-schools-handcuff-and-haul-away-kids-in-emotional-crisis\/#breadcrumb","itemListElement":[{"@type":"ListItem","position":1,"name":"Home","item":"https:\/\/advocatesforchildren.org\/"},{"@type":"ListItem","position":2,"name":"NYC schools handcuff and haul away kids in emotional crisis"}]},{"@type":"WebSite","@id":"https:\/\/advocatesforchildren.org\/#website","url":"https:\/\/advocatesforchildren.org\/","name":"Defensores de los ni\u00f1os de Nueva York","description":"","publisher":{"@id":"https:\/\/advocatesforchildren.org\/#organization"},"potentialAction":[{"@type":"SearchAction","target":{"@type":"EntryPoint","urlTemplate":"https:\/\/advocatesforchildren.org\/?s={search_term_string}"},"query-input":{"@type":"PropertyValueSpecification","valueRequired":true,"valueName":"search_term_string"}}],"inLanguage":"es-MX"},{"@type":"Organization","@id":"https:\/\/advocatesforchildren.org\/#organization","name":"Defensores de los ni\u00f1os de Nueva York","url":"https:\/\/advocatesforchildren.org\/","logo":{"@type":"ImageObject","inLanguage":"es-MX","@id":"https:\/\/advocatesforchildren.org\/#\/schema\/logo\/image\/","url":"https:\/\/advocatesforchildren.org\/wp-content\/uploads\/2024\/03\/afc-logo.png","contentUrl":"https:\/\/advocatesforchildren.org\/wp-content\/uploads\/2024\/03\/afc-logo.png","width":696,"height":696,"caption":"Advocates for Children of New York"},"image":{"@id":"https:\/\/advocatesforchildren.org\/#\/schema\/logo\/image\/"},"sameAs":["https:\/\/www.facebook.com\/AdvocatesforChildren\/","https:\/\/x.com\/AFCNewYork"]}]}},"_links":{"self":[{"href":"https:\/\/advocatesforchildren.org\/es\/wp-json\/wp\/v2\/article\/3946","targetHints":{"allow":["GET"]}}],"collection":[{"href":"https:\/\/advocatesforchildren.org\/es\/wp-json\/wp\/v2\/article"}],"about":[{"href":"https:\/\/advocatesforchildren.org\/es\/wp-json\/wp\/v2\/types\/article"}],"version-history":[{"count":0,"href":"https:\/\/advocatesforchildren.org\/es\/wp-json\/wp\/v2\/article\/3946\/revisions"}],"wp:attachment":[{"href":"https:\/\/advocatesforchildren.org\/es\/wp-json\/wp\/v2\/media?parent=3946"}],"curies":[{"name":"wp","href":"https:\/\/api.w.org\/{rel}","templated":true}]}}