{"id":13106,"date":"2025-01-29T16:01:08","date_gmt":"2025-01-29T21:01:08","guid":{"rendered":"https:\/\/advocatesforchildren.org\/?post_type=article&#038;p=13106"},"modified":"2025-01-29T16:21:52","modified_gmt":"2025-01-29T21:21:52","slug":"hundreds-of-children-with-disabilities-still-wait-for-promised-preschool-seats-in-nyc","status":"publish","type":"article","link":"https:\/\/advocatesforchildren.org\/es\/articles\/hundreds-of-children-with-disabilities-still-wait-for-promised-preschool-seats-in-nyc\/","title":{"rendered":"Cientos de ni\u00f1os con discapacidades (a\u00fan) esperan por plazas prometidas en preescolar en Nueva York"},"template":"","class_list":["post-13106","article","type-article","status-publish","has-post-thumbnail","hentry","article_type-afc-in-the-news","topic_tax-students-with-disabilities","misc_topic-general-education","misc_topic-city-budget","misc_topic-special-education"],"acf":{"component_standard_hero":{"":null,"excerpt":"","short_description":"","button":{"":null,"link_type":"page","page":{"title":"Leer el art\u00edculo","url":"https:\/\/www.chalkbeat.org\/newyork\/2025\/01\/29\/eric-adams-preschool-students-with-disabilities-still-waiting-for-seats\/","target":""},"file":null,"title":""},"image":13107,"disable_share_icons":false},"page_layout":[{"acf_fc_layout":"layout_wysiwyg","_acfe_flexible_toggle":"","component_wysiwyg":{"content":"<p class=\"default__StyledText-sc-1px4eze-0 fAQmnu body-paragraph\"><strong>Tiza<\/strong> Cientos de ni\u00f1os han estado esperando un lugar en preescolar casi dos a\u00f1os despu\u00e9s de que el alcalde Eric Adams <a href=\"https:\/\/www.chalkbeat.org\/newyork\/2022\/12\/13\/23508063\/ny-preschool-special-education-seats-salary-teachers-universal-prek-adams-banks\/\">prometimos uno por cada ni\u00f1o con discapacidad<\/a>\u00a0\u2014 seg\u00fan lo exige la ley. La continua falta de asientos probablemente plantear\u00e1 preguntas en una audiencia de supervisi\u00f3n del Concejo Municipal el jueves sobre educaci\u00f3n especial.<\/p>\r\n<p class=\"default__StyledText-sc-1px4eze-0 fAQmnu body-paragraph\">Adams ha tomado algunas medidas sobre el asunto, reservando\u00a0<a href=\"https:\/\/www.chalkbeat.org\/newyork\/2024\/01\/22\/preschool-special-education-teacher-pay-cuts-after-eric-adams-promised-seats\/\">fondos para aumentos salariales<\/a>\u00a0para que los maestros de educaci\u00f3n especial preescolar que trabajan en organizaciones comunitarias est\u00e9n m\u00e1s en l\u00ednea con los salarios iniciales de sus contrapartes en las escuelas p\u00fablicas. La ciudad tambi\u00e9n invirti\u00f3 $55 millones este a\u00f1o escolar para abrir nuevos cupos preescolares para ni\u00f1os con discapacidades, abriendo 456 nuevos cupos en septiembre, seg\u00fan funcionarios del Departamento de Educaci\u00f3n, con aproximadamente 280 m\u00e1s en proceso.<\/p>\r\n<p class=\"default__StyledText-sc-1px4eze-0 fAQmnu body-paragraph\">Pero 450 ni\u00f1os se encuentran actualmente varados en casa sin asientos, confirmaron funcionarios del departamento. Mientras tanto, el presupuesto preliminar de Adams para el pr\u00f3ximo a\u00f1o escolar\u00a0<a href=\"https:\/\/www.chalkbeat.org\/newyork\/2025\/01\/16\/eric-adams-budget-funds-summer-rising-cuts-3-k\/\">no renov\u00f3 los $55 millones para nuevas aulas<\/a>, lo que genera nuevas preocupaciones de que el n\u00famero de estudiantes desempleados pueda volver a aumentar.<\/p>\r\n<p class=\"default__StyledText-sc-1px4eze-0 fAQmnu body-paragraph\">\u201cOfrecer estas clases no es opcional\u201d, escribi\u00f3 Randi Levine, directora de pol\u00edticas en Advocates for Children, una organizaci\u00f3n que ayuda a familias de bajos ingresos a navegar el sistema de educaci\u00f3n especial, en un correo electr\u00f3nico. \u201cDada la obligaci\u00f3n legal de la Ciudad, las nuevas clases preescolares de educaci\u00f3n especial deber\u00edan haber estado entre los primeros programas en obtener financiaci\u00f3n a largo plazo\u201d.\u201d<\/p>","":null,"settings":""}}],"relationships":{"":null,"article_type":[83],"topics":[28],"misc_topics":[193,183,198]},"misc":{"search_results":{"":null,"excerpt":"","featured_image":13107}}},"yoast_head":"<!-- This site is optimized with the Yoast SEO plugin v27.2 - https:\/\/yoast.com\/product\/yoast-seo-wordpress\/ -->\n<title>Hundreds of children with disabilities (still) wait for promised preschool seats in NYC - Advocates for Children of New York<\/title>\n<meta name=\"robots\" content=\"index, follow, max-snippet:-1, max-image-preview:large, max-video-preview:-1\" \/>\n<link rel=\"canonical\" href=\"https:\/\/advocatesforchildren.org\/es\/articles\/hundreds-of-children-with-disabilities-still-wait-for-promised-preschool-seats-in-nyc\/\" \/>\n<meta property=\"og:locale\" content=\"es_MX\" \/>\n<meta property=\"og:type\" content=\"article\" \/>\n<meta property=\"og:title\" content=\"Hundreds of children with disabilities (still) wait for promised preschool seats in NYC - Advocates for Children of New York\" \/>\n<meta property=\"og:url\" content=\"https:\/\/advocatesforchildren.org\/es\/articles\/hundreds-of-children-with-disabilities-still-wait-for-promised-preschool-seats-in-nyc\/\" \/>\n<meta property=\"og:site_name\" content=\"Advocates for Children of New York\" \/>\n<meta property=\"article:publisher\" content=\"https:\/\/www.facebook.com\/AdvocatesforChildren\/\" \/>\n<meta property=\"article:modified_time\" content=\"2025-01-29T21:21:52+00:00\" \/>\n<meta property=\"og:image\" content=\"https:\/\/advocatesforchildren.org\/wp-content\/uploads\/Screenshot-2025-01-29-155638.jpg\" \/>\n\t<meta property=\"og:image:width\" content=\"864\" \/>\n\t<meta property=\"og:image:height\" content=\"568\" \/>\n\t<meta property=\"og:image:type\" content=\"image\/jpeg\" \/>\n<meta name=\"twitter:card\" content=\"summary_large_image\" \/>\n<meta name=\"twitter:site\" content=\"@AFCNewYork\" \/>\n<script type=\"application\/ld+json\" class=\"yoast-schema-graph\">{\"@context\":\"https:\/\/schema.org\",\"@graph\":[{\"@type\":\"WebPage\",\"@id\":\"https:\/\/advocatesforchildren.org\/articles\/hundreds-of-children-with-disabilities-still-wait-for-promised-preschool-seats-in-nyc\/\",\"url\":\"https:\/\/advocatesforchildren.org\/articles\/hundreds-of-children-with-disabilities-still-wait-for-promised-preschool-seats-in-nyc\/\",\"name\":\"Hundreds of children with disabilities (still) wait for promised preschool seats in NYC - Advocates for Children of New York\",\"isPartOf\":{\"@id\":\"https:\/\/advocatesforchildren.org\/#website\"},\"primaryImageOfPage\":{\"@id\":\"https:\/\/advocatesforchildren.org\/articles\/hundreds-of-children-with-disabilities-still-wait-for-promised-preschool-seats-in-nyc\/#primaryimage\"},\"image\":{\"@id\":\"https:\/\/advocatesforchildren.org\/articles\/hundreds-of-children-with-disabilities-still-wait-for-promised-preschool-seats-in-nyc\/#primaryimage\"},\"thumbnailUrl\":\"https:\/\/advocatesforchildren.org\/wp-content\/uploads\/Screenshot-2025-01-29-155638.jpg\",\"datePublished\":\"2025-01-29T21:01:08+00:00\",\"dateModified\":\"2025-01-29T21:21:52+00:00\",\"breadcrumb\":{\"@id\":\"https:\/\/advocatesforchildren.org\/articles\/hundreds-of-children-with-disabilities-still-wait-for-promised-preschool-seats-in-nyc\/#breadcrumb\"},\"inLanguage\":\"es-MX\",\"potentialAction\":[{\"@type\":\"ReadAction\",\"target\":[\"https:\/\/advocatesforchildren.org\/articles\/hundreds-of-children-with-disabilities-still-wait-for-promised-preschool-seats-in-nyc\/\"]}]},{\"@type\":\"ImageObject\",\"inLanguage\":\"es-MX\",\"@id\":\"https:\/\/advocatesforchildren.org\/articles\/hundreds-of-children-with-disabilities-still-wait-for-promised-preschool-seats-in-nyc\/#primaryimage\",\"url\":\"https:\/\/advocatesforchildren.org\/wp-content\/uploads\/Screenshot-2025-01-29-155638.jpg\",\"contentUrl\":\"https:\/\/advocatesforchildren.org\/wp-content\/uploads\/Screenshot-2025-01-29-155638.jpg\",\"width\":864,\"height\":568,\"caption\":\"Erica S. Lee for Chalkbeat\"},{\"@type\":\"BreadcrumbList\",\"@id\":\"https:\/\/advocatesforchildren.org\/articles\/hundreds-of-children-with-disabilities-still-wait-for-promised-preschool-seats-in-nyc\/#breadcrumb\",\"itemListElement\":[{\"@type\":\"ListItem\",\"position\":1,\"name\":\"Home\",\"item\":\"https:\/\/advocatesforchildren.org\/\"},{\"@type\":\"ListItem\",\"position\":2,\"name\":\"Hundreds of children with disabilities (still) wait for promised preschool seats in NYC\"}]},{\"@type\":\"WebSite\",\"@id\":\"https:\/\/advocatesforchildren.org\/#website\",\"url\":\"https:\/\/advocatesforchildren.org\/\",\"name\":\"Advocates for Children of New York\",\"description\":\"\",\"publisher\":{\"@id\":\"https:\/\/advocatesforchildren.org\/#organization\"},\"potentialAction\":[{\"@type\":\"SearchAction\",\"target\":{\"@type\":\"EntryPoint\",\"urlTemplate\":\"https:\/\/advocatesforchildren.org\/?s={search_term_string}\"},\"query-input\":{\"@type\":\"PropertyValueSpecification\",\"valueRequired\":true,\"valueName\":\"search_term_string\"}}],\"inLanguage\":\"es-MX\"},{\"@type\":\"Organization\",\"@id\":\"https:\/\/advocatesforchildren.org\/#organization\",\"name\":\"Advocates for Children of New York\",\"url\":\"https:\/\/advocatesforchildren.org\/\",\"logo\":{\"@type\":\"ImageObject\",\"inLanguage\":\"es-MX\",\"@id\":\"https:\/\/advocatesforchildren.org\/#\/schema\/logo\/image\/\",\"url\":\"https:\/\/advocatesforchildren.org\/wp-content\/uploads\/2024\/03\/afc-logo.png\",\"contentUrl\":\"https:\/\/advocatesforchildren.org\/wp-content\/uploads\/2024\/03\/afc-logo.png\",\"width\":696,\"height\":696,\"caption\":\"Advocates for Children of New York\"},\"image\":{\"@id\":\"https:\/\/advocatesforchildren.org\/#\/schema\/logo\/image\/\"},\"sameAs\":[\"https:\/\/www.facebook.com\/AdvocatesforChildren\/\",\"https:\/\/x.com\/AFCNewYork\"]}]}<\/script>\n<!-- \/ Yoast SEO plugin. -->","yoast_head_json":{"title":"Hundreds of children with disabilities (still) wait for promised preschool seats in NYC - Advocates for Children of New York","robots":{"index":"index","follow":"follow","max-snippet":"max-snippet:-1","max-image-preview":"max-image-preview:large","max-video-preview":"max-video-preview:-1"},"canonical":"https:\/\/advocatesforchildren.org\/es\/articles\/hundreds-of-children-with-disabilities-still-wait-for-promised-preschool-seats-in-nyc\/","og_locale":"es_MX","og_type":"article","og_title":"Hundreds of children with disabilities (still) wait for promised preschool seats in NYC - Advocates for Children of New York","og_url":"https:\/\/advocatesforchildren.org\/es\/articles\/hundreds-of-children-with-disabilities-still-wait-for-promised-preschool-seats-in-nyc\/","og_site_name":"Advocates for Children of New York","article_publisher":"https:\/\/www.facebook.com\/AdvocatesforChildren\/","article_modified_time":"2025-01-29T21:21:52+00:00","og_image":[{"width":864,"height":568,"url":"https:\/\/advocatesforchildren.org\/wp-content\/uploads\/Screenshot-2025-01-29-155638.jpg","type":"image\/jpeg"}],"twitter_card":"summary_large_image","twitter_site":"@AFCNewYork","schema":{"@context":"https:\/\/schema.org","@graph":[{"@type":"WebPage","@id":"https:\/\/advocatesforchildren.org\/articles\/hundreds-of-children-with-disabilities-still-wait-for-promised-preschool-seats-in-nyc\/","url":"https:\/\/advocatesforchildren.org\/articles\/hundreds-of-children-with-disabilities-still-wait-for-promised-preschool-seats-in-nyc\/","name":"Hundreds of children with disabilities (still) wait for promised preschool seats in NYC - Advocates for Children of New York","isPartOf":{"@id":"https:\/\/advocatesforchildren.org\/#website"},"primaryImageOfPage":{"@id":"https:\/\/advocatesforchildren.org\/articles\/hundreds-of-children-with-disabilities-still-wait-for-promised-preschool-seats-in-nyc\/#primaryimage"},"image":{"@id":"https:\/\/advocatesforchildren.org\/articles\/hundreds-of-children-with-disabilities-still-wait-for-promised-preschool-seats-in-nyc\/#primaryimage"},"thumbnailUrl":"https:\/\/advocatesforchildren.org\/wp-content\/uploads\/Screenshot-2025-01-29-155638.jpg","datePublished":"2025-01-29T21:01:08+00:00","dateModified":"2025-01-29T21:21:52+00:00","breadcrumb":{"@id":"https:\/\/advocatesforchildren.org\/articles\/hundreds-of-children-with-disabilities-still-wait-for-promised-preschool-seats-in-nyc\/#breadcrumb"},"inLanguage":"es-MX","potentialAction":[{"@type":"ReadAction","target":["https:\/\/advocatesforchildren.org\/articles\/hundreds-of-children-with-disabilities-still-wait-for-promised-preschool-seats-in-nyc\/"]}]},{"@type":"ImageObject","inLanguage":"es-MX","@id":"https:\/\/advocatesforchildren.org\/articles\/hundreds-of-children-with-disabilities-still-wait-for-promised-preschool-seats-in-nyc\/#primaryimage","url":"https:\/\/advocatesforchildren.org\/wp-content\/uploads\/Screenshot-2025-01-29-155638.jpg","contentUrl":"https:\/\/advocatesforchildren.org\/wp-content\/uploads\/Screenshot-2025-01-29-155638.jpg","width":864,"height":568,"caption":"Erica S. Lee for Chalkbeat"},{"@type":"BreadcrumbList","@id":"https:\/\/advocatesforchildren.org\/articles\/hundreds-of-children-with-disabilities-still-wait-for-promised-preschool-seats-in-nyc\/#breadcrumb","itemListElement":[{"@type":"ListItem","position":1,"name":"Home","item":"https:\/\/advocatesforchildren.org\/"},{"@type":"ListItem","position":2,"name":"Hundreds of children with disabilities (still) wait for promised preschool seats in NYC"}]},{"@type":"WebSite","@id":"https:\/\/advocatesforchildren.org\/#website","url":"https:\/\/advocatesforchildren.org\/","name":"Defensores de los ni\u00f1os de Nueva York","description":"","publisher":{"@id":"https:\/\/advocatesforchildren.org\/#organization"},"potentialAction":[{"@type":"SearchAction","target":{"@type":"EntryPoint","urlTemplate":"https:\/\/advocatesforchildren.org\/?s={search_term_string}"},"query-input":{"@type":"PropertyValueSpecification","valueRequired":true,"valueName":"search_term_string"}}],"inLanguage":"es-MX"},{"@type":"Organization","@id":"https:\/\/advocatesforchildren.org\/#organization","name":"Defensores de los ni\u00f1os de Nueva York","url":"https:\/\/advocatesforchildren.org\/","logo":{"@type":"ImageObject","inLanguage":"es-MX","@id":"https:\/\/advocatesforchildren.org\/#\/schema\/logo\/image\/","url":"https:\/\/advocatesforchildren.org\/wp-content\/uploads\/2024\/03\/afc-logo.png","contentUrl":"https:\/\/advocatesforchildren.org\/wp-content\/uploads\/2024\/03\/afc-logo.png","width":696,"height":696,"caption":"Advocates for Children of New York"},"image":{"@id":"https:\/\/advocatesforchildren.org\/#\/schema\/logo\/image\/"},"sameAs":["https:\/\/www.facebook.com\/AdvocatesforChildren\/","https:\/\/x.com\/AFCNewYork"]}]}},"_links":{"self":[{"href":"https:\/\/advocatesforchildren.org\/es\/wp-json\/wp\/v2\/article\/13106","targetHints":{"allow":["GET"]}}],"collection":[{"href":"https:\/\/advocatesforchildren.org\/es\/wp-json\/wp\/v2\/article"}],"about":[{"href":"https:\/\/advocatesforchildren.org\/es\/wp-json\/wp\/v2\/types\/article"}],"version-history":[{"count":0,"href":"https:\/\/advocatesforchildren.org\/es\/wp-json\/wp\/v2\/article\/13106\/revisions"}],"wp:featuredmedia":[{"embeddable":true,"href":"https:\/\/advocatesforchildren.org\/es\/wp-json\/wp\/v2\/media\/13107"}],"wp:attachment":[{"href":"https:\/\/advocatesforchildren.org\/es\/wp-json\/wp\/v2\/media?parent=13106"}],"curies":[{"name":"wp","href":"https:\/\/api.w.org\/{rel}","templated":true}]}}